{"id":947,"date":"2023-02-19T21:23:12","date_gmt":"2023-02-19T20:23:12","guid":{"rendered":"https:\/\/www.ambassadeniger-fr.org\/version-wp-2019\/?p=947"},"modified":"2023-02-19T21:23:12","modified_gmt":"2023-02-19T20:23:12","slug":"communique-n2-02-2023","status":"publish","type":"post","link":"https:\/\/www.ambassadeniger-fr.org\/version-wp-2019\/?p=947","title":{"rendered":"COMMUNIQUE N\u00b02 \/02\/2023"},"content":{"rendered":"\n<p>La&nbsp; Commission Administrative&nbsp; de France f\u00e9licite l\u2019ensemble des membres de la Diaspora&nbsp; qui n\u2019ont pas h\u00e9sit\u00e9 \u00e0 afficher leur disponibilit\u00e9 dans le processus de v\u00e9rification de donn\u00e9es fournies lors de l\u2019enr\u00f4lement biom\u00e9trique et les informe que le processus&nbsp; se poursuivra&nbsp; jusqu\u2019au 28\/02\/2023.<\/p>\n\n\n\n<p>Rappelle \u00e0 ceux qui n\u2019ont pas encore r\u00e9pondu aux \u00e9changes (t\u00e9l\u00e9phone et mail) des agents transcripteurs de bien vouloir y r\u00e9pondre afin de porter les corrections \u00e9ventuelles sur leurs cartes provisoires.<\/p>\n\n\n\n<p>&nbsp;Si vous avez \u00e9t\u00e9 enr\u00f4l\u00e9 et que vous n\u2019avez pas \u00e9t\u00e9 contact\u00e9, n\u2019h\u00e9sitez pas \u00e0 saisir la commission administrative&nbsp; de France par email.&nbsp;: <a href=\"mailto:caelectionfrance@gmail.com\">caelectionfrance@gmail.com<\/a><\/p>\n\n\n\n<p>Fait \u00e0 Paris le 19\/02\/2023<\/p>\n\n\n\n<p class=\"has-text-align-right\">Le Pr\u00e9sident de la Commission Administrative de France\u00a0<\/p>\n","protected":false},"excerpt":{"rendered":"<p>La&nbsp; Commission Administrative&nbsp; de France f\u00e9licite l\u2019ensemble des membres de la Diaspora&nbsp; qui n\u2019ont pas h\u00e9sit\u00e9 \u00e0 afficher leur disponibilit\u00e9<\/p>\n","protected":false},"author":1,"featured_media":0,"comment_status":"closed","ping_status":"closed","sticky":false,"template":"","format":"standard","meta":[],"categories":[5],"tags":[],"_links":{"self":[{"href":"https:\/\/www.ambassadeniger-fr.org\/version-wp-2019\/index.php?rest_route=\/wp\/v2\/posts\/947"}],"collection":[{"href":"https:\/\/www.ambassadeniger-fr.org\/version-wp-2019\/index.php?rest_route=\/wp\/v2\/posts"}],"about":[{"href":"https:\/\/www.ambassadeniger-fr.org\/version-wp-2019\/index.php?rest_route=\/wp\/v2\/types\/post"}],"author":[{"embeddable":true,"href":"https:\/\/www.ambassadeniger-fr.org\/version-wp-2019\/index.php?rest_route=\/wp\/v2\/users\/1"}],"replies":[{"embeddable":true,"href":"https:\/\/www.ambassadeniger-fr.org\/version-wp-2019\/index.php?rest_route=%2Fwp%2Fv2%2Fcomments&post=947"}],"version-history":[{"count":1,"href":"https:\/\/www.ambassadeniger-fr.org\/version-wp-2019\/index.php?rest_route=\/wp\/v2\/posts\/947\/revisions"}],"predecessor-version":[{"id":948,"href":"https:\/\/www.ambassadeniger-fr.org\/version-wp-2019\/index.php?rest_route=\/wp\/v2\/posts\/947\/revisions\/948"}],"wp:attachment":[{"href":"https:\/\/www.ambassadeniger-fr.org\/version-wp-2019\/index.php?rest_route=%2Fwp%2Fv2%2Fmedia&parent=947"}],"wp:term":[{"taxonomy":"category","embeddable":true,"href":"https:\/\/www.ambassadeniger-fr.org\/version-wp-2019\/index.php?rest_route=%2Fwp%2Fv2%2Fcategories&post=947"},{"taxonomy":"post_tag","embeddable":true,"href":"https:\/\/www.ambassadeniger-fr.org\/version-wp-2019\/index.php?rest_route=%2Fwp%2Fv2%2Ftags&post=947"}],"curies":[{"name":"wp","href":"https:\/\/api.w.org\/{rel}","templated":true}]}}