{"id":941,"date":"2022-12-08T12:15:33","date_gmt":"2022-12-08T11:15:33","guid":{"rendered":"https:\/\/www.ambassadeniger-fr.org\/version-wp-2019\/?p=941"},"modified":"2022-12-08T12:15:34","modified_gmt":"2022-12-08T11:15:34","slug":"le-president-de-la-republique-s-e-m-mohamed-bazoum-a-ete-recu-ce-mercredi-07-decembre-2022-au-palais-de-lelysee-par-son-homologue-francais-emmanuel-macron","status":"publish","type":"post","link":"https:\/\/www.ambassadeniger-fr.org\/version-wp-2019\/?p=941","title":{"rendered":"Le Pr\u00e9sident de la R\u00e9publique S.E.M Mohamed Bazoum a \u00e9t\u00e9 re\u00e7u, ce Mercredi 07 D\u00e9cembre 2022, au Palais de l&rsquo;Elys\u00e9e par son homologue fran\u00e7ais Emmanuel Macron"},"content":{"rendered":"\n<p>En marge de la table ronde sur le financement du Plan <a href=\"https:\/\/www.presidence.ne\/audiences-et-sommets-1\/2022\/12\/7\/le-prsident-de-la-rpublique-sem-mohamed-bazoum-a-t-reu-ce-mercredi-07-dcembre-2022-au-palais-de-lelyse-par-son-homologue-franais-emmanuel-macron\">Lire suite<\/a><\/p>\n","protected":false},"excerpt":{"rendered":"<p>En marge de la table ronde sur le financement du Plan Lire suite<\/p>\n","protected":false},"author":1,"featured_media":942,"comment_status":"closed","ping_status":"closed","sticky":false,"template":"","format":"standard","meta":[],"categories":[6],"tags":[],"_links":{"self":[{"href":"https:\/\/www.ambassadeniger-fr.org\/version-wp-2019\/index.php?rest_route=\/wp\/v2\/posts\/941"}],"collection":[{"href":"https:\/\/www.ambassadeniger-fr.org\/version-wp-2019\/index.php?rest_route=\/wp\/v2\/posts"}],"about":[{"href":"https:\/\/www.ambassadeniger-fr.org\/version-wp-2019\/index.php?rest_route=\/wp\/v2\/types\/post"}],"author":[{"embeddable":true,"href":"https:\/\/www.ambassadeniger-fr.org\/version-wp-2019\/index.php?rest_route=\/wp\/v2\/users\/1"}],"replies":[{"embeddable":true,"href":"https:\/\/www.ambassadeniger-fr.org\/version-wp-2019\/index.php?rest_route=%2Fwp%2Fv2%2Fcomments&post=941"}],"version-history":[{"count":1,"href":"https:\/\/www.ambassadeniger-fr.org\/version-wp-2019\/index.php?rest_route=\/wp\/v2\/posts\/941\/revisions"}],"predecessor-version":[{"id":943,"href":"https:\/\/www.ambassadeniger-fr.org\/version-wp-2019\/index.php?rest_route=\/wp\/v2\/posts\/941\/revisions\/943"}],"wp:featuredmedia":[{"embeddable":true,"href":"https:\/\/www.ambassadeniger-fr.org\/version-wp-2019\/index.php?rest_route=\/wp\/v2\/media\/942"}],"wp:attachment":[{"href":"https:\/\/www.ambassadeniger-fr.org\/version-wp-2019\/index.php?rest_route=%2Fwp%2Fv2%2Fmedia&parent=941"}],"wp:term":[{"taxonomy":"category","embeddable":true,"href":"https:\/\/www.ambassadeniger-fr.org\/version-wp-2019\/index.php?rest_route=%2Fwp%2Fv2%2Fcategories&post=941"},{"taxonomy":"post_tag","embeddable":true,"href":"https:\/\/www.ambassadeniger-fr.org\/version-wp-2019\/index.php?rest_route=%2Fwp%2Fv2%2Ftags&post=941"}],"curies":[{"name":"wp","href":"https:\/\/api.w.org\/{rel}","templated":true}]}}