{"id":935,"date":"2022-12-07T15:52:06","date_gmt":"2022-12-07T14:52:06","guid":{"rendered":"https:\/\/www.ambassadeniger-fr.org\/version-wp-2019\/?p=935"},"modified":"2022-12-07T15:52:07","modified_gmt":"2022-12-07T14:52:07","slug":"le-president-de-la-republique-sem-mohamed-bazoum-preside-les-5-et-6-decembre-2022-la-deuxieme-table-ronde-des-investisseurs-et-partenaires-au-developpement-du-niger-qui-se-tient-a-paris","status":"publish","type":"post","link":"https:\/\/www.ambassadeniger-fr.org\/version-wp-2019\/?p=935","title":{"rendered":"Le Pr\u00e9sident de la R\u00e9publique, SEM. Mohamed Bazoum pr\u00e9side les 5 et 6 d\u00e9cembre 2022 la deuxi\u00e8me Table Ronde des Investisseurs et Partenaires au d\u00e9veloppement du Niger qui se tient \u00e0 Paris."},"content":{"rendered":"\n<p>Prosa\u00efquement appel\u00e9 PDES (Plan de D\u00e9veloppement Economique et Social) <a href=\"https:\/\/www.presidence.ne\/audiences-et-sommets-1\/2022\/12\/5\/le-prsident-de-la-rpublique-sem-mohamed-bazoum-prside-les-5-et-6-dcembre-2022-la-deuxime-table-ronde-des-investisseurs-et-partenaires-au-dveloppement-du-niger-qui-se-tient-paris\">Lire suite<\/a><\/p>\n","protected":false},"excerpt":{"rendered":"<p>Prosa\u00efquement appel\u00e9 PDES (Plan de D\u00e9veloppement Economique et Social) Lire suite<\/p>\n","protected":false},"author":1,"featured_media":936,"comment_status":"closed","ping_status":"closed","sticky":false,"template":"","format":"standard","meta":[],"categories":[6],"tags":[],"_links":{"self":[{"href":"https:\/\/www.ambassadeniger-fr.org\/version-wp-2019\/index.php?rest_route=\/wp\/v2\/posts\/935"}],"collection":[{"href":"https:\/\/www.ambassadeniger-fr.org\/version-wp-2019\/index.php?rest_route=\/wp\/v2\/posts"}],"about":[{"href":"https:\/\/www.ambassadeniger-fr.org\/version-wp-2019\/index.php?rest_route=\/wp\/v2\/types\/post"}],"author":[{"embeddable":true,"href":"https:\/\/www.ambassadeniger-fr.org\/version-wp-2019\/index.php?rest_route=\/wp\/v2\/users\/1"}],"replies":[{"embeddable":true,"href":"https:\/\/www.ambassadeniger-fr.org\/version-wp-2019\/index.php?rest_route=%2Fwp%2Fv2%2Fcomments&post=935"}],"version-history":[{"count":1,"href":"https:\/\/www.ambassadeniger-fr.org\/version-wp-2019\/index.php?rest_route=\/wp\/v2\/posts\/935\/revisions"}],"predecessor-version":[{"id":937,"href":"https:\/\/www.ambassadeniger-fr.org\/version-wp-2019\/index.php?rest_route=\/wp\/v2\/posts\/935\/revisions\/937"}],"wp:featuredmedia":[{"embeddable":true,"href":"https:\/\/www.ambassadeniger-fr.org\/version-wp-2019\/index.php?rest_route=\/wp\/v2\/media\/936"}],"wp:attachment":[{"href":"https:\/\/www.ambassadeniger-fr.org\/version-wp-2019\/index.php?rest_route=%2Fwp%2Fv2%2Fmedia&parent=935"}],"wp:term":[{"taxonomy":"category","embeddable":true,"href":"https:\/\/www.ambassadeniger-fr.org\/version-wp-2019\/index.php?rest_route=%2Fwp%2Fv2%2Fcategories&post=935"},{"taxonomy":"post_tag","embeddable":true,"href":"https:\/\/www.ambassadeniger-fr.org\/version-wp-2019\/index.php?rest_route=%2Fwp%2Fv2%2Ftags&post=935"}],"curies":[{"name":"wp","href":"https:\/\/api.w.org\/{rel}","templated":true}]}}