{"id":867,"date":"2022-05-12T11:03:07","date_gmt":"2022-05-12T09:03:07","guid":{"rendered":"https:\/\/www.ambassadeniger-fr.org\/version-wp-2019\/?p=867"},"modified":"2022-05-12T11:03:08","modified_gmt":"2022-05-12T09:03:08","slug":"le-president-de-la-republique-chef-de-letat-sem-mohamed-bazoum-a-recu-mardi-apres-midi-10-mai-2022-la-directrice-generale-doxfam-france-mme-cecile-duflot","status":"publish","type":"post","link":"https:\/\/www.ambassadeniger-fr.org\/version-wp-2019\/?p=867","title":{"rendered":"Le Pr\u00e9sident de la R\u00e9publique, Chef de l\u2019Etat, SEM Mohamed Bazoum, a re\u00e7u mardi apr\u00e8s-midi 10 mai 2022, la Directrice G\u00e9n\u00e9rale d\u2019OXFAM France, Mme C\u00e9cile Duflot."},"content":{"rendered":"\n<p>Le Pr\u00e9sident de la R\u00e9publique, Chef de l\u2019Etat, SEM Mohamed Bazoum, a re\u00e7u mardi apr\u00e8s-midi 10 mai 2022, la Directrice G\u00e9n\u00e9rale d\u2019OXFAM France, Mme C\u00e9cile Duflot<a href=\"http:\/\/www.presidence.ne\/audiences-et-sommets-1\/2022\/5\/10\/le-prsident-de-la-rpublique-chef-de-letat-sem-mohamed-bazoum-a-reu-mardi-aprs-midi-10-mai-2022-la-directrice-gnrale-doxfam-france-mme-ccile-duflot\" target=\"_blank\" rel=\"noreferrer noopener\"> Lire suite<\/a><\/p>\n","protected":false},"excerpt":{"rendered":"<p>Le Pr\u00e9sident de la R\u00e9publique, Chef de l\u2019Etat, SEM Mohamed Bazoum, a re\u00e7u mardi apr\u00e8s-midi 10 mai 2022, la Directrice<\/p>\n","protected":false},"author":1,"featured_media":868,"comment_status":"closed","ping_status":"closed","sticky":false,"template":"","format":"standard","meta":[],"categories":[6],"tags":[],"_links":{"self":[{"href":"https:\/\/www.ambassadeniger-fr.org\/version-wp-2019\/index.php?rest_route=\/wp\/v2\/posts\/867"}],"collection":[{"href":"https:\/\/www.ambassadeniger-fr.org\/version-wp-2019\/index.php?rest_route=\/wp\/v2\/posts"}],"about":[{"href":"https:\/\/www.ambassadeniger-fr.org\/version-wp-2019\/index.php?rest_route=\/wp\/v2\/types\/post"}],"author":[{"embeddable":true,"href":"https:\/\/www.ambassadeniger-fr.org\/version-wp-2019\/index.php?rest_route=\/wp\/v2\/users\/1"}],"replies":[{"embeddable":true,"href":"https:\/\/www.ambassadeniger-fr.org\/version-wp-2019\/index.php?rest_route=%2Fwp%2Fv2%2Fcomments&post=867"}],"version-history":[{"count":1,"href":"https:\/\/www.ambassadeniger-fr.org\/version-wp-2019\/index.php?rest_route=\/wp\/v2\/posts\/867\/revisions"}],"predecessor-version":[{"id":869,"href":"https:\/\/www.ambassadeniger-fr.org\/version-wp-2019\/index.php?rest_route=\/wp\/v2\/posts\/867\/revisions\/869"}],"wp:featuredmedia":[{"embeddable":true,"href":"https:\/\/www.ambassadeniger-fr.org\/version-wp-2019\/index.php?rest_route=\/wp\/v2\/media\/868"}],"wp:attachment":[{"href":"https:\/\/www.ambassadeniger-fr.org\/version-wp-2019\/index.php?rest_route=%2Fwp%2Fv2%2Fmedia&parent=867"}],"wp:term":[{"taxonomy":"category","embeddable":true,"href":"https:\/\/www.ambassadeniger-fr.org\/version-wp-2019\/index.php?rest_route=%2Fwp%2Fv2%2Fcategories&post=867"},{"taxonomy":"post_tag","embeddable":true,"href":"https:\/\/www.ambassadeniger-fr.org\/version-wp-2019\/index.php?rest_route=%2Fwp%2Fv2%2Ftags&post=867"}],"curies":[{"name":"wp","href":"https:\/\/api.w.org\/{rel}","templated":true}]}}