{"id":799,"date":"2021-10-28T10:11:14","date_gmt":"2021-10-28T08:11:14","guid":{"rendered":"https:\/\/www.ambassadeniger-fr.org\/version-wp-2019\/?p=799"},"modified":"2021-10-28T10:25:36","modified_gmt":"2021-10-28T08:25:36","slug":"la-diaspora-a-lhonneur-notre-compatriote-lawa-aboubacar-fait-chevalier-de-lordre-des-palmes-academiques-du-niger","status":"publish","type":"post","link":"https:\/\/www.ambassadeniger-fr.org\/version-wp-2019\/?p=799","title":{"rendered":"La Diaspora \u00e0 l&rsquo;honneur: notre compatriote Lawa Aboubacar fait Chevalier de l&rsquo;Ordre des Palmes Acad\u00e9miques du Niger"},"content":{"rendered":"\n<p>Cette distinction lui a \u00e9t\u00e9 remise lundi 25 octobre 2021 par SE Ado Elhadji Abou, Ambassadeur du Niger en France lors d&rsquo;une c\u00e9r\u00e9monie qui s&rsquo;est d\u00e9roul\u00e9e dans les locaux de la chancellerie. Promoteur du festival Wassan&rsquo; Africa et ma\u00eetre d&rsquo;oeuvre des journ\u00e9es culturelles du Niger en France, Lawa Aboubacar s&rsquo;est investi quinze (15) ans durant dans la promotion de la culture Nig\u00e9rienne en France comme \u00e0 l&rsquo;\u00e9tranger.<\/p>\n\n\n\n<p>Lawa Aboubacar, tr\u00e8s \u00e9mu, a tenu \u00e0 dire merci aux autorit\u00e9s nig\u00e9riennes et au Niger. Avant d&rsquo;\u00eatre promoteur du festival Wassan&rsquo; Africa, Lawa Aboubacar a un parcours \u00e9logieux. Il a \u00e9t\u00e9 membre du groupe Gab\u00e9ro, de la troupe culturelle du coll\u00e8ge Mariama, de l&rsquo;\u00e9cole Normale Askia Mohamed de Zinder et plusieurs autres associations culturelles.<\/p>\n","protected":false},"excerpt":{"rendered":"<p>Cette distinction lui a \u00e9t\u00e9 remise lundi 25 octobre 2021 par SE Ado Elhadji Abou, Ambassadeur du Niger en France<\/p>\n","protected":false},"author":1,"featured_media":800,"comment_status":"closed","ping_status":"closed","sticky":false,"template":"","format":"standard","meta":[],"categories":[6],"tags":[],"_links":{"self":[{"href":"https:\/\/www.ambassadeniger-fr.org\/version-wp-2019\/index.php?rest_route=\/wp\/v2\/posts\/799"}],"collection":[{"href":"https:\/\/www.ambassadeniger-fr.org\/version-wp-2019\/index.php?rest_route=\/wp\/v2\/posts"}],"about":[{"href":"https:\/\/www.ambassadeniger-fr.org\/version-wp-2019\/index.php?rest_route=\/wp\/v2\/types\/post"}],"author":[{"embeddable":true,"href":"https:\/\/www.ambassadeniger-fr.org\/version-wp-2019\/index.php?rest_route=\/wp\/v2\/users\/1"}],"replies":[{"embeddable":true,"href":"https:\/\/www.ambassadeniger-fr.org\/version-wp-2019\/index.php?rest_route=%2Fwp%2Fv2%2Fcomments&post=799"}],"version-history":[{"count":2,"href":"https:\/\/www.ambassadeniger-fr.org\/version-wp-2019\/index.php?rest_route=\/wp\/v2\/posts\/799\/revisions"}],"predecessor-version":[{"id":803,"href":"https:\/\/www.ambassadeniger-fr.org\/version-wp-2019\/index.php?rest_route=\/wp\/v2\/posts\/799\/revisions\/803"}],"wp:featuredmedia":[{"embeddable":true,"href":"https:\/\/www.ambassadeniger-fr.org\/version-wp-2019\/index.php?rest_route=\/wp\/v2\/media\/800"}],"wp:attachment":[{"href":"https:\/\/www.ambassadeniger-fr.org\/version-wp-2019\/index.php?rest_route=%2Fwp%2Fv2%2Fmedia&parent=799"}],"wp:term":[{"taxonomy":"category","embeddable":true,"href":"https:\/\/www.ambassadeniger-fr.org\/version-wp-2019\/index.php?rest_route=%2Fwp%2Fv2%2Fcategories&post=799"},{"taxonomy":"post_tag","embeddable":true,"href":"https:\/\/www.ambassadeniger-fr.org\/version-wp-2019\/index.php?rest_route=%2Fwp%2Fv2%2Ftags&post=799"}],"curies":[{"name":"wp","href":"https:\/\/api.w.org\/{rel}","templated":true}]}}