{"id":771,"date":"2021-08-09T13:01:19","date_gmt":"2021-08-09T11:01:19","guid":{"rendered":"https:\/\/www.ambassadeniger-fr.org\/version-wp-2019\/?p=771"},"modified":"2021-08-09T13:04:48","modified_gmt":"2021-08-09T11:04:48","slug":"ambassade-fermee-le-10-aout-2021","status":"publish","type":"post","link":"https:\/\/www.ambassadeniger-fr.org\/version-wp-2019\/?p=771","title":{"rendered":"Ambassade ferm\u00e9e le 10 Ao\u00fbt 2021"},"content":{"rendered":"\n<p>L\u2019Ambassade de la R\u00e9publique du Niger en France a l\u2019honneur d\u2019informer la Diaspora Nig\u00e9rienne et les usagers des services consulaires, <strong><u>que ses Bureaux seront ferm\u00e9s le Mardi 10 Ao\u00fbt 2021, correspondant au 1<sup>er<\/sup> jour du nouvel an Musulman (MUHARRAM 1443<\/u><\/strong>)<\/p>\n","protected":false},"excerpt":{"rendered":"<p>L\u2019Ambassade de la R\u00e9publique du Niger en France a l\u2019honneur d\u2019informer la Diaspora Nig\u00e9rienne et les usagers des services consulaires,<\/p>\n","protected":false},"author":1,"featured_media":0,"comment_status":"closed","ping_status":"closed","sticky":false,"template":"","format":"standard","meta":[],"categories":[5],"tags":[],"_links":{"self":[{"href":"https:\/\/www.ambassadeniger-fr.org\/version-wp-2019\/index.php?rest_route=\/wp\/v2\/posts\/771"}],"collection":[{"href":"https:\/\/www.ambassadeniger-fr.org\/version-wp-2019\/index.php?rest_route=\/wp\/v2\/posts"}],"about":[{"href":"https:\/\/www.ambassadeniger-fr.org\/version-wp-2019\/index.php?rest_route=\/wp\/v2\/types\/post"}],"author":[{"embeddable":true,"href":"https:\/\/www.ambassadeniger-fr.org\/version-wp-2019\/index.php?rest_route=\/wp\/v2\/users\/1"}],"replies":[{"embeddable":true,"href":"https:\/\/www.ambassadeniger-fr.org\/version-wp-2019\/index.php?rest_route=%2Fwp%2Fv2%2Fcomments&post=771"}],"version-history":[{"count":2,"href":"https:\/\/www.ambassadeniger-fr.org\/version-wp-2019\/index.php?rest_route=\/wp\/v2\/posts\/771\/revisions"}],"predecessor-version":[{"id":774,"href":"https:\/\/www.ambassadeniger-fr.org\/version-wp-2019\/index.php?rest_route=\/wp\/v2\/posts\/771\/revisions\/774"}],"wp:attachment":[{"href":"https:\/\/www.ambassadeniger-fr.org\/version-wp-2019\/index.php?rest_route=%2Fwp%2Fv2%2Fmedia&parent=771"}],"wp:term":[{"taxonomy":"category","embeddable":true,"href":"https:\/\/www.ambassadeniger-fr.org\/version-wp-2019\/index.php?rest_route=%2Fwp%2Fv2%2Fcategories&post=771"},{"taxonomy":"post_tag","embeddable":true,"href":"https:\/\/www.ambassadeniger-fr.org\/version-wp-2019\/index.php?rest_route=%2Fwp%2Fv2%2Ftags&post=771"}],"curies":[{"name":"wp","href":"https:\/\/api.w.org\/{rel}","templated":true}]}}