{"id":749,"date":"2021-07-16T14:46:07","date_gmt":"2021-07-16T12:46:07","guid":{"rendered":"https:\/\/www.ambassadeniger-fr.org\/version-wp-2019\/?p=749"},"modified":"2021-07-16T15:13:59","modified_gmt":"2021-07-16T13:13:59","slug":"communique-6","status":"publish","type":"post","link":"https:\/\/www.ambassadeniger-fr.org\/version-wp-2019\/?p=749","title":{"rendered":"COMMUNIQUE"},"content":{"rendered":"\n<p>L\u2019Ambassade de la R\u00e9publique du Niger en France a l\u2019honneur d\u2019informer la Diaspora Nig\u00e9rienne et les usagers des services consulaires, <strong>qu\u2019en raison de la c\u00e9l\u00e9bration de la f\u00eate de l\u2019A\u00efd-El-Adha, les Bureaux seront ferm\u00e9s les 20 et 21 juillet 2021.<\/strong><\/p>\n\n\n\n<p class=\"has-text-align-right\"><strong>&nbsp;&nbsp;&nbsp;&nbsp;&nbsp;&nbsp;&nbsp;&nbsp;&nbsp;&nbsp;&nbsp;&nbsp;&nbsp;&nbsp;&nbsp;&nbsp;&nbsp;&nbsp;&nbsp;&nbsp;&nbsp;&nbsp;&nbsp;&nbsp;&nbsp;&nbsp;&nbsp;&nbsp;&nbsp;&nbsp;&nbsp;&nbsp;&nbsp;&nbsp;&nbsp;&nbsp;&nbsp;&nbsp;&nbsp;&nbsp;&nbsp;&nbsp;&nbsp;&nbsp;&nbsp;&nbsp;&nbsp;&nbsp;&nbsp;&nbsp;&nbsp;&nbsp;&nbsp;&nbsp;&nbsp;&nbsp;&nbsp;&nbsp;&nbsp;&nbsp; <\/strong>Fait \u00e0 Paris le 16 juillet 2021<\/p>\n","protected":false},"excerpt":{"rendered":"<p>L\u2019Ambassade de la R\u00e9publique du Niger en France a l\u2019honneur d\u2019informer la Diaspora Nig\u00e9rienne et les usagers des services consulaires,<\/p>\n","protected":false},"author":1,"featured_media":0,"comment_status":"closed","ping_status":"closed","sticky":false,"template":"","format":"standard","meta":[],"categories":[5],"tags":[],"_links":{"self":[{"href":"https:\/\/www.ambassadeniger-fr.org\/version-wp-2019\/index.php?rest_route=\/wp\/v2\/posts\/749"}],"collection":[{"href":"https:\/\/www.ambassadeniger-fr.org\/version-wp-2019\/index.php?rest_route=\/wp\/v2\/posts"}],"about":[{"href":"https:\/\/www.ambassadeniger-fr.org\/version-wp-2019\/index.php?rest_route=\/wp\/v2\/types\/post"}],"author":[{"embeddable":true,"href":"https:\/\/www.ambassadeniger-fr.org\/version-wp-2019\/index.php?rest_route=\/wp\/v2\/users\/1"}],"replies":[{"embeddable":true,"href":"https:\/\/www.ambassadeniger-fr.org\/version-wp-2019\/index.php?rest_route=%2Fwp%2Fv2%2Fcomments&post=749"}],"version-history":[{"count":3,"href":"https:\/\/www.ambassadeniger-fr.org\/version-wp-2019\/index.php?rest_route=\/wp\/v2\/posts\/749\/revisions"}],"predecessor-version":[{"id":754,"href":"https:\/\/www.ambassadeniger-fr.org\/version-wp-2019\/index.php?rest_route=\/wp\/v2\/posts\/749\/revisions\/754"}],"wp:attachment":[{"href":"https:\/\/www.ambassadeniger-fr.org\/version-wp-2019\/index.php?rest_route=%2Fwp%2Fv2%2Fmedia&parent=749"}],"wp:term":[{"taxonomy":"category","embeddable":true,"href":"https:\/\/www.ambassadeniger-fr.org\/version-wp-2019\/index.php?rest_route=%2Fwp%2Fv2%2Fcategories&post=749"},{"taxonomy":"post_tag","embeddable":true,"href":"https:\/\/www.ambassadeniger-fr.org\/version-wp-2019\/index.php?rest_route=%2Fwp%2Fv2%2Ftags&post=749"}],"curies":[{"name":"wp","href":"https:\/\/api.w.org\/{rel}","templated":true}]}}