{"id":701,"date":"2021-04-19T15:14:34","date_gmt":"2021-04-19T13:14:34","guid":{"rendered":"https:\/\/www.ambassadeniger-fr.org\/version-wp-2019\/?p=701"},"modified":"2021-04-19T15:14:35","modified_gmt":"2021-04-19T13:14:35","slug":"communique-2","status":"publish","type":"post","link":"https:\/\/www.ambassadeniger-fr.org\/version-wp-2019\/?p=701","title":{"rendered":"COMMUNIQUE"},"content":{"rendered":"\n<p>L\u2019Ambassade de la R\u00e9publique du Niger en France a l\u2019honneur d\u2019informer la Diaspora Nig\u00e9rienne et les usagers des services consulaires, que <strong>les dispositions contenues dans son communiqu\u00e9 en date du 22 Mars 2021 restent valables jusqu\u2019\u00e0 nouvel ordre.<\/strong><\/p>\n\n\n\n<p>&nbsp;<strong>En cons\u00e9quence, les Services consulaires continueront de fonctionner en mode restreint, et ouvriront UNIQUEMENT les <\/strong><strong>Mardis et Jeudis<\/strong><strong> conform\u00e9ment au communiqu\u00e9 susmentionn\u00e9.<\/strong><\/p>\n\n\n\n<p>Toutefois, les sollicitations des d\u00e9l\u00e9gations officielles \u00e9trang\u00e8res, d\u00e9p\u00each\u00e9es par les pays partenaires ou les Organisations Internationales ainsi que les d\u00e9l\u00e9gations \u00e9trang\u00e8res invit\u00e9es par les hautes autorit\u00e9s nig\u00e9riennes seront trait\u00e9es de mani\u00e8re sp\u00e9cifique.&nbsp;<\/p>\n\n\n\n<p class=\"has-text-align-right\"><strong>&nbsp;&nbsp;&nbsp;&nbsp;&nbsp;&nbsp;&nbsp;&nbsp;&nbsp;&nbsp;&nbsp;&nbsp;&nbsp;&nbsp;&nbsp;&nbsp;&nbsp;&nbsp;&nbsp;&nbsp;&nbsp;&nbsp;&nbsp;&nbsp;&nbsp;&nbsp;&nbsp;&nbsp;&nbsp;&nbsp;&nbsp;&nbsp;&nbsp;&nbsp;&nbsp;&nbsp;&nbsp;&nbsp;&nbsp;&nbsp;&nbsp;&nbsp;&nbsp;&nbsp;&nbsp;&nbsp;&nbsp;&nbsp;&nbsp;&nbsp;&nbsp;&nbsp;&nbsp;&nbsp;&nbsp;&nbsp;&nbsp;&nbsp;&nbsp;&nbsp;&nbsp;Fait \u00e0 Paris le 19 Avril 2021<\/strong><\/p>\n","protected":false},"excerpt":{"rendered":"<p>L\u2019Ambassade de la R\u00e9publique du Niger en France a l\u2019honneur d\u2019informer la Diaspora Nig\u00e9rienne et les usagers des services consulaires,<\/p>\n","protected":false},"author":1,"featured_media":0,"comment_status":"closed","ping_status":"closed","sticky":false,"template":"","format":"standard","meta":[],"categories":[5],"tags":[],"_links":{"self":[{"href":"https:\/\/www.ambassadeniger-fr.org\/version-wp-2019\/index.php?rest_route=\/wp\/v2\/posts\/701"}],"collection":[{"href":"https:\/\/www.ambassadeniger-fr.org\/version-wp-2019\/index.php?rest_route=\/wp\/v2\/posts"}],"about":[{"href":"https:\/\/www.ambassadeniger-fr.org\/version-wp-2019\/index.php?rest_route=\/wp\/v2\/types\/post"}],"author":[{"embeddable":true,"href":"https:\/\/www.ambassadeniger-fr.org\/version-wp-2019\/index.php?rest_route=\/wp\/v2\/users\/1"}],"replies":[{"embeddable":true,"href":"https:\/\/www.ambassadeniger-fr.org\/version-wp-2019\/index.php?rest_route=%2Fwp%2Fv2%2Fcomments&post=701"}],"version-history":[{"count":1,"href":"https:\/\/www.ambassadeniger-fr.org\/version-wp-2019\/index.php?rest_route=\/wp\/v2\/posts\/701\/revisions"}],"predecessor-version":[{"id":703,"href":"https:\/\/www.ambassadeniger-fr.org\/version-wp-2019\/index.php?rest_route=\/wp\/v2\/posts\/701\/revisions\/703"}],"wp:attachment":[{"href":"https:\/\/www.ambassadeniger-fr.org\/version-wp-2019\/index.php?rest_route=%2Fwp%2Fv2%2Fmedia&parent=701"}],"wp:term":[{"taxonomy":"category","embeddable":true,"href":"https:\/\/www.ambassadeniger-fr.org\/version-wp-2019\/index.php?rest_route=%2Fwp%2Fv2%2Fcategories&post=701"},{"taxonomy":"post_tag","embeddable":true,"href":"https:\/\/www.ambassadeniger-fr.org\/version-wp-2019\/index.php?rest_route=%2Fwp%2Fv2%2Ftags&post=701"}],"curies":[{"name":"wp","href":"https:\/\/api.w.org\/{rel}","templated":true}]}}