{"id":675,"date":"2020-11-20T13:36:22","date_gmt":"2020-11-20T12:36:22","guid":{"rendered":"https:\/\/www.ambassadeniger-fr.org\/version-wp-2019\/?p=675"},"modified":"2020-11-20T13:36:23","modified_gmt":"2020-11-20T12:36:23","slug":"note-complementaire-sur-les-mesures-necessaires-pour-faire-face-a-lepidemie-du-covid-19","status":"publish","type":"post","link":"https:\/\/www.ambassadeniger-fr.org\/version-wp-2019\/?p=675","title":{"rendered":"NOTE COMPLEMENTAIRE SUR LES MESURES NECESSAIRES POUR FAIRE FACE A L\u2019EPIDEMIE DU COVID-19"},"content":{"rendered":"\n<p>L\u2019Ambassade de la R\u00e9publique du Niger en France a l\u2019honneur d\u2019informer la Diaspora Nig\u00e9rienne et tous les usagers des services consulaires, que toute personne dont l\u2019entr\u00e9e sur le territoire nig\u00e9rien est pr\u00e9alablement autoris\u00e9e, <strong>sera soumise \u00e0 une p\u00e9riode d\u2019auto- confinement obligatoire d\u2019une semaine<\/strong>, suivant les directives ci-apr\u00e8s, applicables \u00e0 l\u2019arriv\u00e9e des voyageurs aux a\u00e9roports de Niamey, Zinder et Agadez <strong><u>\u00e0 compter du 20 Novembre 2020<\/u><\/strong>\u00a0:<\/p>\n\n\n\n<ul><li>Des \u00e9quipes de la riposte-covid passeront r\u00e9guli\u00e8rement au lieu choisi de l\u2019auto-confinement pour \u00e9valuer les param\u00e8tres de surveillance et surtout l\u2019effectivit\u00e9 du respect des mesures pr\u00e9conis\u00e9es.<\/li><\/ul>\n\n\n\n<ul><li>A cet effet, le passeport de voyageur sera retenu par la police de l\u2019A\u00e9roport jusqu\u2019au contr\u00f4le du 7<sup>\u00e8me<\/sup> jour et lui sera restitu\u00e9 apr\u00e8s pr\u00e9sentation du r\u00e9sultat d\u2019un test de contr\u00f4le COVID -19.<\/li><\/ul>\n\n\n\n<p>Si le test est positif, il sera pris en charge conform\u00e9ment au protocole national.<\/p>\n\n\n\n<p>Si le test est n\u00e9gatif, il sera mis fin \u00e0 son auto-confinement.<\/p>\n\n\n\n<p class=\"has-text-align-right\"><strong>Fait \u00e0 Paris le 19 Novembre2020<\/strong><\/p>\n","protected":false},"excerpt":{"rendered":"<p>L\u2019Ambassade de la R\u00e9publique du Niger en France a l\u2019honneur d\u2019informer la Diaspora Nig\u00e9rienne et tous les usagers des services<\/p>\n","protected":false},"author":1,"featured_media":0,"comment_status":"closed","ping_status":"closed","sticky":false,"template":"","format":"standard","meta":[],"categories":[5],"tags":[],"_links":{"self":[{"href":"https:\/\/www.ambassadeniger-fr.org\/version-wp-2019\/index.php?rest_route=\/wp\/v2\/posts\/675"}],"collection":[{"href":"https:\/\/www.ambassadeniger-fr.org\/version-wp-2019\/index.php?rest_route=\/wp\/v2\/posts"}],"about":[{"href":"https:\/\/www.ambassadeniger-fr.org\/version-wp-2019\/index.php?rest_route=\/wp\/v2\/types\/post"}],"author":[{"embeddable":true,"href":"https:\/\/www.ambassadeniger-fr.org\/version-wp-2019\/index.php?rest_route=\/wp\/v2\/users\/1"}],"replies":[{"embeddable":true,"href":"https:\/\/www.ambassadeniger-fr.org\/version-wp-2019\/index.php?rest_route=%2Fwp%2Fv2%2Fcomments&post=675"}],"version-history":[{"count":1,"href":"https:\/\/www.ambassadeniger-fr.org\/version-wp-2019\/index.php?rest_route=\/wp\/v2\/posts\/675\/revisions"}],"predecessor-version":[{"id":676,"href":"https:\/\/www.ambassadeniger-fr.org\/version-wp-2019\/index.php?rest_route=\/wp\/v2\/posts\/675\/revisions\/676"}],"wp:attachment":[{"href":"https:\/\/www.ambassadeniger-fr.org\/version-wp-2019\/index.php?rest_route=%2Fwp%2Fv2%2Fmedia&parent=675"}],"wp:term":[{"taxonomy":"category","embeddable":true,"href":"https:\/\/www.ambassadeniger-fr.org\/version-wp-2019\/index.php?rest_route=%2Fwp%2Fv2%2Fcategories&post=675"},{"taxonomy":"post_tag","embeddable":true,"href":"https:\/\/www.ambassadeniger-fr.org\/version-wp-2019\/index.php?rest_route=%2Fwp%2Fv2%2Ftags&post=675"}],"curies":[{"name":"wp","href":"https:\/\/api.w.org\/{rel}","templated":true}]}}