{"id":598,"date":"2020-04-15T12:34:18","date_gmt":"2020-04-15T10:34:18","guid":{"rendered":"https:\/\/www.ambassadeniger-fr.org\/version-wp-2019\/?p=598"},"modified":"2020-04-15T12:36:45","modified_gmt":"2020-04-15T10:36:45","slug":"communique-appel-a-la-contribution-dans-le-cadre-de-la-lutte-contre-le-covid-19","status":"publish","type":"post","link":"https:\/\/www.ambassadeniger-fr.org\/version-wp-2019\/?p=598","title":{"rendered":"COMMUNIQUE- APPEL A LA CONTRIBUTION DANS LE CADRE  DE LA LUTTE CONTRE LE COVID-19"},"content":{"rendered":"\n<p><\/p>\n\n\n\n<p>L\u2019Ambassade du Niger en France a l\u2019honneur de porter \u00e0 la connaissance de la diaspora nig\u00e9rienne que dans le cadre de la lutte contre la pand\u00e9mie du COVID-19, <strong>Son Excellence<\/strong> <strong>Monsieur Issoufou Mahamadou,<\/strong> Pr\u00e9sident de la R\u00e9publique, Chef de l\u2019Etat a, \u00e0 travers deux messages \u00e0 la Nation les 18 et 30 Mars 2020, \u00e9tabli un diagnostic complet\u00a0 de la menace que le covid-19 fait peser sur la sant\u00e9 de l\u2019ensemble de la population nig\u00e9rienne, et dress\u00e9 une \u00e9valuation de son impact sur le plan socio \u00e9conomique.<\/p>\n\n\n\n<p>A cet \u00e9gard, sur les directives du Chef de l\u2019Etat, le Gouvernement nig\u00e9rien a mis en place un plan de riposte de <strong>597 milliards de FCFA<\/strong>. Le financement de ce plan fera recours \u00e0 la solidarit\u00e9 internationale mais aussi \u00e0 l\u2019engagement des premiers concern\u00e9s, \u00e0 savoir les nig\u00e9riens eux m\u00eames. C\u2019est pourquoi la Diaspora nig\u00e9rienne est \u00e9galement invit\u00e9e \u00e0 se mobiliser et \u00e0 soutenir volontairement les efforts du Gouvernement dans la prise en charge et les soins des malades ainsi que les mesures d\u2019accompagnement d\u2019ordre social pour faire face \u00e0 la pand\u00e9mie et ses cons\u00e9quences socio \u00e9conomiques.<\/p>\n\n\n\n<p>Compte tenu de l\u2019urgence, vos contributions libell\u00e9es au nom de Monsieur <strong>ABDOU GADO<\/strong>, billeteur du Minist\u00e8re des Affaires Etrang\u00e8res, de la Coop\u00e9ration, de l\u2019int\u00e9gration Africaine et des Nig\u00e9riens&nbsp; \u00e0 l\u2019Ext\u00e9rieur sont vivement attendues, pour remise au Comit\u00e9 charg\u00e9 de la lutte contre la pand\u00e9mie.<br><\/p>\n\n\n\n<p><strong>NB<\/strong>&nbsp;: Un d\u00e9lai de <strong>dix (10)<\/strong> <strong>jours <\/strong>est fix\u00e9 pour la remise des contributions.<\/p>\n\n\n\n<p>                                                                                  Fait \u00e0 Paris, le 14 Avril 2020<br><\/p>\n","protected":false},"excerpt":{"rendered":"<p>L\u2019Ambassade du Niger en France a l\u2019honneur de porter \u00e0 la connaissance de la diaspora nig\u00e9rienne que dans le cadre<\/p>\n","protected":false},"author":1,"featured_media":0,"comment_status":"closed","ping_status":"closed","sticky":false,"template":"","format":"standard","meta":[],"categories":[5],"tags":[],"_links":{"self":[{"href":"https:\/\/www.ambassadeniger-fr.org\/version-wp-2019\/index.php?rest_route=\/wp\/v2\/posts\/598"}],"collection":[{"href":"https:\/\/www.ambassadeniger-fr.org\/version-wp-2019\/index.php?rest_route=\/wp\/v2\/posts"}],"about":[{"href":"https:\/\/www.ambassadeniger-fr.org\/version-wp-2019\/index.php?rest_route=\/wp\/v2\/types\/post"}],"author":[{"embeddable":true,"href":"https:\/\/www.ambassadeniger-fr.org\/version-wp-2019\/index.php?rest_route=\/wp\/v2\/users\/1"}],"replies":[{"embeddable":true,"href":"https:\/\/www.ambassadeniger-fr.org\/version-wp-2019\/index.php?rest_route=%2Fwp%2Fv2%2Fcomments&post=598"}],"version-history":[{"count":2,"href":"https:\/\/www.ambassadeniger-fr.org\/version-wp-2019\/index.php?rest_route=\/wp\/v2\/posts\/598\/revisions"}],"predecessor-version":[{"id":601,"href":"https:\/\/www.ambassadeniger-fr.org\/version-wp-2019\/index.php?rest_route=\/wp\/v2\/posts\/598\/revisions\/601"}],"wp:attachment":[{"href":"https:\/\/www.ambassadeniger-fr.org\/version-wp-2019\/index.php?rest_route=%2Fwp%2Fv2%2Fmedia&parent=598"}],"wp:term":[{"taxonomy":"category","embeddable":true,"href":"https:\/\/www.ambassadeniger-fr.org\/version-wp-2019\/index.php?rest_route=%2Fwp%2Fv2%2Fcategories&post=598"},{"taxonomy":"post_tag","embeddable":true,"href":"https:\/\/www.ambassadeniger-fr.org\/version-wp-2019\/index.php?rest_route=%2Fwp%2Fv2%2Ftags&post=598"}],"curies":[{"name":"wp","href":"https:\/\/api.w.org\/{rel}","templated":true}]}}