{"id":546,"date":"2019-12-11T13:00:06","date_gmt":"2019-12-11T12:00:06","guid":{"rendered":"https:\/\/www.ambassadeniger-fr.org\/version-wp-2019\/?p=546"},"modified":"2019-12-11T13:00:07","modified_gmt":"2019-12-11T12:00:07","slug":"ouverture-a-assouan-egypte-de-la-conference-sur-paix-durable-securite-et-developpement-en-afrique-en-presence-du-president-issoufou-mahamadou","status":"publish","type":"post","link":"https:\/\/www.ambassadeniger-fr.org\/version-wp-2019\/?p=546","title":{"rendered":"Ouverture \u00e0 Assouan (Egypte) de la Conf\u00e9rence sur \u00ab Paix Durable, S\u00e9curit\u00e9 et D\u00e9veloppement en Afrique \u00bb en pr\u00e9sence du Pr\u00e9sident Issoufou Mahamadou"},"content":{"rendered":"\n<p> Le Pr\u00e9sident de la R\u00e9publique, Pr\u00e9sident en exercice de la CEDEAO, SEM Issoufou Mahamadou, a pris part mercredi matin, 11 d\u00e9cembre 2019, \u00e0 Assouan, en Egypte, \u00e0 la s\u00e9ance inaugurale de la  Conf\u00e9rence sur \u00ab la Paix Durable, la S\u00e9curit\u00e9 et le D\u00e9veloppement en Afrique \u00bb, pr\u00e9sid\u00e9e par SEM Abdelfattah el-Sisi, Pr\u00e9sident de la R\u00e9publique Arabe d\u2019Egypte et Pr\u00e9sident en exercice de l\u2019Union Africaine. <a href=\"https:\/\/www.presidence.ne\/audiences-et-sommets-1\/2019\/12\/11\/6j3ra91lw308wr69wa355rc6vruaqo\" target=\"_blank\" rel=\"noreferrer noopener\" aria-label=\"Lire suite (s\u2019ouvre dans un nouvel onglet)\">Lire suite<\/a><\/p>\n","protected":false},"excerpt":{"rendered":"<p>Le Pr\u00e9sident de la R\u00e9publique, Pr\u00e9sident en exercice de la CEDEAO, SEM Issoufou Mahamadou, a pris part mercredi matin, 11<\/p>\n","protected":false},"author":1,"featured_media":547,"comment_status":"closed","ping_status":"closed","sticky":false,"template":"","format":"standard","meta":[],"categories":[6],"tags":[],"_links":{"self":[{"href":"https:\/\/www.ambassadeniger-fr.org\/version-wp-2019\/index.php?rest_route=\/wp\/v2\/posts\/546"}],"collection":[{"href":"https:\/\/www.ambassadeniger-fr.org\/version-wp-2019\/index.php?rest_route=\/wp\/v2\/posts"}],"about":[{"href":"https:\/\/www.ambassadeniger-fr.org\/version-wp-2019\/index.php?rest_route=\/wp\/v2\/types\/post"}],"author":[{"embeddable":true,"href":"https:\/\/www.ambassadeniger-fr.org\/version-wp-2019\/index.php?rest_route=\/wp\/v2\/users\/1"}],"replies":[{"embeddable":true,"href":"https:\/\/www.ambassadeniger-fr.org\/version-wp-2019\/index.php?rest_route=%2Fwp%2Fv2%2Fcomments&post=546"}],"version-history":[{"count":1,"href":"https:\/\/www.ambassadeniger-fr.org\/version-wp-2019\/index.php?rest_route=\/wp\/v2\/posts\/546\/revisions"}],"predecessor-version":[{"id":548,"href":"https:\/\/www.ambassadeniger-fr.org\/version-wp-2019\/index.php?rest_route=\/wp\/v2\/posts\/546\/revisions\/548"}],"wp:featuredmedia":[{"embeddable":true,"href":"https:\/\/www.ambassadeniger-fr.org\/version-wp-2019\/index.php?rest_route=\/wp\/v2\/media\/547"}],"wp:attachment":[{"href":"https:\/\/www.ambassadeniger-fr.org\/version-wp-2019\/index.php?rest_route=%2Fwp%2Fv2%2Fmedia&parent=546"}],"wp:term":[{"taxonomy":"category","embeddable":true,"href":"https:\/\/www.ambassadeniger-fr.org\/version-wp-2019\/index.php?rest_route=%2Fwp%2Fv2%2Fcategories&post=546"},{"taxonomy":"post_tag","embeddable":true,"href":"https:\/\/www.ambassadeniger-fr.org\/version-wp-2019\/index.php?rest_route=%2Fwp%2Fv2%2Ftags&post=546"}],"curies":[{"name":"wp","href":"https:\/\/api.w.org\/{rel}","templated":true}]}}