{"id":534,"date":"2019-11-05T13:22:12","date_gmt":"2019-11-05T12:22:12","guid":{"rendered":"https:\/\/www.ambassadeniger-fr.org\/version-wp-2019\/?p=534"},"modified":"2019-11-05T13:22:14","modified_gmt":"2019-11-05T12:22:14","slug":"le-president-issoufou-mahamadou-a-lance-officiellement-lundi-les-travaux-de-rehabilitation-du-perimetre-irrigue-de-birni-nkonni","status":"publish","type":"post","link":"https:\/\/www.ambassadeniger-fr.org\/version-wp-2019\/?p=534","title":{"rendered":"Le Pr\u00e9sident Issoufou Mahamadou a lanc\u00e9 officiellement lundi les travaux de r\u00e9habilitation du P\u00e9rim\u00e8tre irrigu\u00e9 de Birni-N\u2019Konni"},"content":{"rendered":"\n<p> Le Pr\u00e9sident de la R\u00e9publique, Chef de l\u2019Etat, SEM Issoufou Mahamadou a proc\u00e9d\u00e9 lundi, 4 novembre 2019, \u00e0 Birni N\u2019Konni, \u00a0au lancement officiel des travaux de r\u00e9habilitation du P\u00e9rim\u00e8tre irrigu\u00e9 de Birni-N\u2019Konni. <a href=\"https:\/\/www.presidence.ne\/audiences-et-sommets-1\/2019\/11\/4\/le-prsident-issoufou-mahamadou-a-lanc-officiellement-lundi-les-travaux-de-rhabilitation-du-primtre-irrigu-de-birni-nkonni\" target=\"_blank\" rel=\"noreferrer noopener\" aria-label=\"Lire suite (s\u2019ouvre dans un nouvel onglet)\">Lire suite<\/a><\/p>\n","protected":false},"excerpt":{"rendered":"<p>Le Pr\u00e9sident de la R\u00e9publique, Chef de l\u2019Etat, SEM Issoufou Mahamadou a proc\u00e9d\u00e9 lundi, 4 novembre 2019, \u00e0 Birni N\u2019Konni,<\/p>\n","protected":false},"author":1,"featured_media":535,"comment_status":"closed","ping_status":"closed","sticky":false,"template":"","format":"standard","meta":[],"categories":[6],"tags":[],"_links":{"self":[{"href":"https:\/\/www.ambassadeniger-fr.org\/version-wp-2019\/index.php?rest_route=\/wp\/v2\/posts\/534"}],"collection":[{"href":"https:\/\/www.ambassadeniger-fr.org\/version-wp-2019\/index.php?rest_route=\/wp\/v2\/posts"}],"about":[{"href":"https:\/\/www.ambassadeniger-fr.org\/version-wp-2019\/index.php?rest_route=\/wp\/v2\/types\/post"}],"author":[{"embeddable":true,"href":"https:\/\/www.ambassadeniger-fr.org\/version-wp-2019\/index.php?rest_route=\/wp\/v2\/users\/1"}],"replies":[{"embeddable":true,"href":"https:\/\/www.ambassadeniger-fr.org\/version-wp-2019\/index.php?rest_route=%2Fwp%2Fv2%2Fcomments&post=534"}],"version-history":[{"count":1,"href":"https:\/\/www.ambassadeniger-fr.org\/version-wp-2019\/index.php?rest_route=\/wp\/v2\/posts\/534\/revisions"}],"predecessor-version":[{"id":536,"href":"https:\/\/www.ambassadeniger-fr.org\/version-wp-2019\/index.php?rest_route=\/wp\/v2\/posts\/534\/revisions\/536"}],"wp:featuredmedia":[{"embeddable":true,"href":"https:\/\/www.ambassadeniger-fr.org\/version-wp-2019\/index.php?rest_route=\/wp\/v2\/media\/535"}],"wp:attachment":[{"href":"https:\/\/www.ambassadeniger-fr.org\/version-wp-2019\/index.php?rest_route=%2Fwp%2Fv2%2Fmedia&parent=534"}],"wp:term":[{"taxonomy":"category","embeddable":true,"href":"https:\/\/www.ambassadeniger-fr.org\/version-wp-2019\/index.php?rest_route=%2Fwp%2Fv2%2Fcategories&post=534"},{"taxonomy":"post_tag","embeddable":true,"href":"https:\/\/www.ambassadeniger-fr.org\/version-wp-2019\/index.php?rest_route=%2Fwp%2Fv2%2Ftags&post=534"}],"curies":[{"name":"wp","href":"https:\/\/api.w.org\/{rel}","templated":true}]}}