{"id":519,"date":"2019-10-02T15:20:23","date_gmt":"2019-10-02T13:20:23","guid":{"rendered":"https:\/\/www.ambassadeniger-fr.org\/version-wp-2019\/?p=519"},"modified":"2019-10-02T15:20:25","modified_gmt":"2019-10-02T13:20:25","slug":"intervention-du-president-issoufou-mahamadou-a-louverture-mercredi-a-niamey-du-sommet-sur-le-constitutionnalisme-pour-la-consolidation-de-la-democratie-en-afrique","status":"publish","type":"post","link":"https:\/\/www.ambassadeniger-fr.org\/version-wp-2019\/?p=519","title":{"rendered":"Intervention du Pr\u00e9sident Issoufou Mahamadou \u00e0 l\u2019ouverture mercredi \u00e0 Niamey du Sommet sur le constitutionnalisme pour la consolidation de la d\u00e9mocratie en Afrique"},"content":{"rendered":"\n<p> Le Pr\u00e9sident de la R\u00e9publique, SEM Issoufou Mahamadou, a pr\u00e9sid\u00e9 mercredi matin, 2 octobre 2019, \u00a0dans la salle de conf\u00e9rence de l\u2019H\u00f4tel Radisson Blu de Niamey, la c\u00e9r\u00e9monie officielle d\u2019ouverture du Sommet sur le constitutionalisme pour la consolidation de la d\u00e9mocratie en Afrique. <a href=\"https:\/\/www.presidence.ne\/audiences-et-sommets-1\/2019\/10\/2\/intervention-du-prsident-issoufou-mahamadou-louverture-mercredi-niamey-du-sommet-sur-le-constitutionalisme-pour-la-consolidation-de-la-dmocratie-en-afrique\" target=\"_blank\" rel=\"noreferrer noopener\" aria-label=\"Lire suite (s\u2019ouvre dans un nouvel onglet)\">Lire suite<\/a><\/p>\n","protected":false},"excerpt":{"rendered":"<p>Le Pr\u00e9sident de la R\u00e9publique, SEM Issoufou Mahamadou, a pr\u00e9sid\u00e9 mercredi matin, 2 octobre 2019, \u00a0dans la salle de conf\u00e9rence<\/p>\n","protected":false},"author":1,"featured_media":520,"comment_status":"closed","ping_status":"closed","sticky":false,"template":"","format":"standard","meta":[],"categories":[6],"tags":[],"_links":{"self":[{"href":"https:\/\/www.ambassadeniger-fr.org\/version-wp-2019\/index.php?rest_route=\/wp\/v2\/posts\/519"}],"collection":[{"href":"https:\/\/www.ambassadeniger-fr.org\/version-wp-2019\/index.php?rest_route=\/wp\/v2\/posts"}],"about":[{"href":"https:\/\/www.ambassadeniger-fr.org\/version-wp-2019\/index.php?rest_route=\/wp\/v2\/types\/post"}],"author":[{"embeddable":true,"href":"https:\/\/www.ambassadeniger-fr.org\/version-wp-2019\/index.php?rest_route=\/wp\/v2\/users\/1"}],"replies":[{"embeddable":true,"href":"https:\/\/www.ambassadeniger-fr.org\/version-wp-2019\/index.php?rest_route=%2Fwp%2Fv2%2Fcomments&post=519"}],"version-history":[{"count":1,"href":"https:\/\/www.ambassadeniger-fr.org\/version-wp-2019\/index.php?rest_route=\/wp\/v2\/posts\/519\/revisions"}],"predecessor-version":[{"id":521,"href":"https:\/\/www.ambassadeniger-fr.org\/version-wp-2019\/index.php?rest_route=\/wp\/v2\/posts\/519\/revisions\/521"}],"wp:featuredmedia":[{"embeddable":true,"href":"https:\/\/www.ambassadeniger-fr.org\/version-wp-2019\/index.php?rest_route=\/wp\/v2\/media\/520"}],"wp:attachment":[{"href":"https:\/\/www.ambassadeniger-fr.org\/version-wp-2019\/index.php?rest_route=%2Fwp%2Fv2%2Fmedia&parent=519"}],"wp:term":[{"taxonomy":"category","embeddable":true,"href":"https:\/\/www.ambassadeniger-fr.org\/version-wp-2019\/index.php?rest_route=%2Fwp%2Fv2%2Fcategories&post=519"},{"taxonomy":"post_tag","embeddable":true,"href":"https:\/\/www.ambassadeniger-fr.org\/version-wp-2019\/index.php?rest_route=%2Fwp%2Fv2%2Ftags&post=519"}],"curies":[{"name":"wp","href":"https:\/\/api.w.org\/{rel}","templated":true}]}}