{"id":512,"date":"2019-09-26T10:00:31","date_gmt":"2019-09-26T08:00:31","guid":{"rendered":"https:\/\/www.ambassadeniger-fr.org\/version-wp-2019\/?p=512"},"modified":"2019-09-26T10:01:29","modified_gmt":"2019-09-26T08:01:29","slug":"ntervention-du-president-de-la-republique-lors-du-debat-general-de-la-74eme-session-ordinaire-de-lag-de-lonu","status":"publish","type":"post","link":"https:\/\/www.ambassadeniger-fr.org\/version-wp-2019\/?p=512","title":{"rendered":"Intervention du Pr\u00e9sident de la R\u00e9publique lors du D\u00e9bat G\u00e9n\u00e9ral de la 74\u00e8me Session Ordinaire de l\u2019AG de l\u2019ONU"},"content":{"rendered":"\n<p> Le Pr\u00e9sident de la R\u00e9publique, SEM Issoufou Mahamadou, a prononc\u00e9 mardi apr\u00e8s-midi, 24 septembre 2019, un important discours devant la 74\u00e8me Session Ordinaire de l\u2019Assembl\u00e9e G\u00e9n\u00e9rale des Nations Unies dont le D\u00e9bat G\u00e9n\u00e9ral a \u00e9t\u00e9 officiellement ouvert dans la matin\u00e9e sous la pr\u00e9sidence de M. Tijjani Muhammad-Bande, Repr\u00e9sentant Permanent du Nigeria aupr\u00e8s des Nations Unies. <a href=\"https:\/\/www.presidence.ne\/audiences-et-sommets-1\/2019\/9\/24\/intervention-du-prsident-de-la-rpublique-lors-du-dbat-gnral-de-la-74me-session-ordinaire-de-lag-de-lonu\" target=\"_blank\" rel=\"noreferrer noopener\" aria-label=\"Lire suite (s\u2019ouvre dans un nouvel onglet)\">Lire suite<\/a><\/p>\n","protected":false},"excerpt":{"rendered":"<p>Le Pr\u00e9sident de la R\u00e9publique, SEM Issoufou Mahamadou, a prononc\u00e9 mardi apr\u00e8s-midi, 24 septembre 2019, un important discours devant la<\/p>\n","protected":false},"author":1,"featured_media":513,"comment_status":"closed","ping_status":"closed","sticky":false,"template":"","format":"standard","meta":[],"categories":[6],"tags":[],"_links":{"self":[{"href":"https:\/\/www.ambassadeniger-fr.org\/version-wp-2019\/index.php?rest_route=\/wp\/v2\/posts\/512"}],"collection":[{"href":"https:\/\/www.ambassadeniger-fr.org\/version-wp-2019\/index.php?rest_route=\/wp\/v2\/posts"}],"about":[{"href":"https:\/\/www.ambassadeniger-fr.org\/version-wp-2019\/index.php?rest_route=\/wp\/v2\/types\/post"}],"author":[{"embeddable":true,"href":"https:\/\/www.ambassadeniger-fr.org\/version-wp-2019\/index.php?rest_route=\/wp\/v2\/users\/1"}],"replies":[{"embeddable":true,"href":"https:\/\/www.ambassadeniger-fr.org\/version-wp-2019\/index.php?rest_route=%2Fwp%2Fv2%2Fcomments&post=512"}],"version-history":[{"count":2,"href":"https:\/\/www.ambassadeniger-fr.org\/version-wp-2019\/index.php?rest_route=\/wp\/v2\/posts\/512\/revisions"}],"predecessor-version":[{"id":515,"href":"https:\/\/www.ambassadeniger-fr.org\/version-wp-2019\/index.php?rest_route=\/wp\/v2\/posts\/512\/revisions\/515"}],"wp:featuredmedia":[{"embeddable":true,"href":"https:\/\/www.ambassadeniger-fr.org\/version-wp-2019\/index.php?rest_route=\/wp\/v2\/media\/513"}],"wp:attachment":[{"href":"https:\/\/www.ambassadeniger-fr.org\/version-wp-2019\/index.php?rest_route=%2Fwp%2Fv2%2Fmedia&parent=512"}],"wp:term":[{"taxonomy":"category","embeddable":true,"href":"https:\/\/www.ambassadeniger-fr.org\/version-wp-2019\/index.php?rest_route=%2Fwp%2Fv2%2Fcategories&post=512"},{"taxonomy":"post_tag","embeddable":true,"href":"https:\/\/www.ambassadeniger-fr.org\/version-wp-2019\/index.php?rest_route=%2Fwp%2Fv2%2Ftags&post=512"}],"curies":[{"name":"wp","href":"https:\/\/api.w.org\/{rel}","templated":true}]}}