{"id":509,"date":"2019-09-24T10:21:20","date_gmt":"2019-09-24T08:21:20","guid":{"rendered":"https:\/\/www.ambassadeniger-fr.org\/version-wp-2019\/?p=509"},"modified":"2019-09-24T10:21:22","modified_gmt":"2019-09-24T08:21:22","slug":"poursuite-du-sejour-du-president-de-la-republique-a-new-york-sem-issoufou-mahamadou-a-participe-lundi-a-dimportantes-rencontres-bilaterales-regionales-et-internationales","status":"publish","type":"post","link":"https:\/\/www.ambassadeniger-fr.org\/version-wp-2019\/?p=509","title":{"rendered":"Poursuite du s\u00e9jour du Pr\u00e9sident de la R\u00e9publique \u00e0 New York : SEM Issoufou Mahamadou a particip\u00e9 lundi \u00e0 d\u2019importantes rencontres bilat\u00e9rales, r\u00e9gionales et internationales"},"content":{"rendered":"\n<p> Le Pr\u00e9sident de la R\u00e9publique, Chef de l\u2019Etat, SEM Issoufou Mahamadou, accompagn\u00e9 de la Premi\u00e8re Dame Hadjia A\u00efssata Issoufou Mahamadou, poursuit son s\u00e9jour \u00e0 New York o\u00f9 il prendra part \u00e0 la 74\u00e8me Session Ordinaire de l\u2019Assembl\u00e9e G\u00e9n\u00e9rale des Nations Unies. <a href=\"https:\/\/www.presidence.ne\/audiences-et-sommets-1\/2019\/9\/23\/poursuite-du-sjour-du-prsident-de-la-rpublique-new-york-sem-issoufou-mahamadou-a-particip-lundi-dimportantes-rencontres-bilatrales-rgionales-et-internationales-1\" target=\"_blank\" rel=\"noreferrer noopener\" aria-label=\" Lire suite (s\u2019ouvre dans un nouvel onglet)\"> Lire suite<\/a><\/p>\n","protected":false},"excerpt":{"rendered":"<p>Le Pr\u00e9sident de la R\u00e9publique, Chef de l\u2019Etat, SEM Issoufou Mahamadou, accompagn\u00e9 de la Premi\u00e8re Dame Hadjia A\u00efssata Issoufou Mahamadou,<\/p>\n","protected":false},"author":1,"featured_media":510,"comment_status":"closed","ping_status":"closed","sticky":false,"template":"","format":"standard","meta":[],"categories":[6],"tags":[],"_links":{"self":[{"href":"https:\/\/www.ambassadeniger-fr.org\/version-wp-2019\/index.php?rest_route=\/wp\/v2\/posts\/509"}],"collection":[{"href":"https:\/\/www.ambassadeniger-fr.org\/version-wp-2019\/index.php?rest_route=\/wp\/v2\/posts"}],"about":[{"href":"https:\/\/www.ambassadeniger-fr.org\/version-wp-2019\/index.php?rest_route=\/wp\/v2\/types\/post"}],"author":[{"embeddable":true,"href":"https:\/\/www.ambassadeniger-fr.org\/version-wp-2019\/index.php?rest_route=\/wp\/v2\/users\/1"}],"replies":[{"embeddable":true,"href":"https:\/\/www.ambassadeniger-fr.org\/version-wp-2019\/index.php?rest_route=%2Fwp%2Fv2%2Fcomments&post=509"}],"version-history":[{"count":1,"href":"https:\/\/www.ambassadeniger-fr.org\/version-wp-2019\/index.php?rest_route=\/wp\/v2\/posts\/509\/revisions"}],"predecessor-version":[{"id":511,"href":"https:\/\/www.ambassadeniger-fr.org\/version-wp-2019\/index.php?rest_route=\/wp\/v2\/posts\/509\/revisions\/511"}],"wp:featuredmedia":[{"embeddable":true,"href":"https:\/\/www.ambassadeniger-fr.org\/version-wp-2019\/index.php?rest_route=\/wp\/v2\/media\/510"}],"wp:attachment":[{"href":"https:\/\/www.ambassadeniger-fr.org\/version-wp-2019\/index.php?rest_route=%2Fwp%2Fv2%2Fmedia&parent=509"}],"wp:term":[{"taxonomy":"category","embeddable":true,"href":"https:\/\/www.ambassadeniger-fr.org\/version-wp-2019\/index.php?rest_route=%2Fwp%2Fv2%2Fcategories&post=509"},{"taxonomy":"post_tag","embeddable":true,"href":"https:\/\/www.ambassadeniger-fr.org\/version-wp-2019\/index.php?rest_route=%2Fwp%2Fv2%2Ftags&post=509"}],"curies":[{"name":"wp","href":"https:\/\/api.w.org\/{rel}","templated":true}]}}