{"id":506,"date":"2019-09-24T10:15:45","date_gmt":"2019-09-24T08:15:45","guid":{"rendered":"https:\/\/www.ambassadeniger-fr.org\/version-wp-2019\/?p=506"},"modified":"2019-09-24T10:15:47","modified_gmt":"2019-09-24T08:15:47","slug":"reunion-consultative-dimanche-apres-midi-a-new-york-de-la-commission-climat-pour-la-region-du-sahel","status":"publish","type":"post","link":"https:\/\/www.ambassadeniger-fr.org\/version-wp-2019\/?p=506","title":{"rendered":"R\u00e9union Consultative dimanche apr\u00e8s-midi \u00e0 New York de la Commission Climat pour la R\u00e9gion du Sahel"},"content":{"rendered":"\n<p><strong>\u00ab\u00a0Il faut passer de la parole aux actes. Le temps est \u00e0 l\u2019Action. Nos engagements imm\u00e9diats conditionnent la survie de l\u2019HUMANITE\u00bb, <\/strong>d\u00e9clare le Pr\u00e9sident Issoufou Mahamadou. <a href=\"https:\/\/www.presidence.ne\/audiences-et-sommets-1\/2019\/9\/23\/runion-consultative-dimanche-aprs-midi-new-york-de-la-commission-climat-pour-la-rgion-du-sahel-\" target=\"_blank\" rel=\"noreferrer noopener\" aria-label=\"Lire suite (s\u2019ouvre dans un nouvel onglet)\">Lire suite<\/a><br><\/p>\n","protected":false},"excerpt":{"rendered":"<p>\u00ab\u00a0Il faut passer de la parole aux actes. Le temps est \u00e0 l\u2019Action. Nos engagements imm\u00e9diats conditionnent la survie de<\/p>\n","protected":false},"author":1,"featured_media":507,"comment_status":"closed","ping_status":"closed","sticky":false,"template":"","format":"standard","meta":[],"categories":[6],"tags":[],"_links":{"self":[{"href":"https:\/\/www.ambassadeniger-fr.org\/version-wp-2019\/index.php?rest_route=\/wp\/v2\/posts\/506"}],"collection":[{"href":"https:\/\/www.ambassadeniger-fr.org\/version-wp-2019\/index.php?rest_route=\/wp\/v2\/posts"}],"about":[{"href":"https:\/\/www.ambassadeniger-fr.org\/version-wp-2019\/index.php?rest_route=\/wp\/v2\/types\/post"}],"author":[{"embeddable":true,"href":"https:\/\/www.ambassadeniger-fr.org\/version-wp-2019\/index.php?rest_route=\/wp\/v2\/users\/1"}],"replies":[{"embeddable":true,"href":"https:\/\/www.ambassadeniger-fr.org\/version-wp-2019\/index.php?rest_route=%2Fwp%2Fv2%2Fcomments&post=506"}],"version-history":[{"count":1,"href":"https:\/\/www.ambassadeniger-fr.org\/version-wp-2019\/index.php?rest_route=\/wp\/v2\/posts\/506\/revisions"}],"predecessor-version":[{"id":508,"href":"https:\/\/www.ambassadeniger-fr.org\/version-wp-2019\/index.php?rest_route=\/wp\/v2\/posts\/506\/revisions\/508"}],"wp:featuredmedia":[{"embeddable":true,"href":"https:\/\/www.ambassadeniger-fr.org\/version-wp-2019\/index.php?rest_route=\/wp\/v2\/media\/507"}],"wp:attachment":[{"href":"https:\/\/www.ambassadeniger-fr.org\/version-wp-2019\/index.php?rest_route=%2Fwp%2Fv2%2Fmedia&parent=506"}],"wp:term":[{"taxonomy":"category","embeddable":true,"href":"https:\/\/www.ambassadeniger-fr.org\/version-wp-2019\/index.php?rest_route=%2Fwp%2Fv2%2Fcategories&post=506"},{"taxonomy":"post_tag","embeddable":true,"href":"https:\/\/www.ambassadeniger-fr.org\/version-wp-2019\/index.php?rest_route=%2Fwp%2Fv2%2Ftags&post=506"}],"curies":[{"name":"wp","href":"https:\/\/api.w.org\/{rel}","templated":true}]}}