{"id":502,"date":"2019-09-19T12:54:26","date_gmt":"2019-09-19T10:54:26","guid":{"rendered":"https:\/\/www.ambassadeniger-fr.org\/version-wp-2019\/?p=502"},"modified":"2019-09-19T12:54:28","modified_gmt":"2019-09-19T10:54:28","slug":"le-president-issoufou-mahamadou-a-procede-mardi-au-lancement-des-travaux-de-construction-du-pipeline-international-niger-benin-a-koulele-agadem","status":"publish","type":"post","link":"https:\/\/www.ambassadeniger-fr.org\/version-wp-2019\/?p=502","title":{"rendered":"Le Pr\u00e9sident Issoufou Mahamadou a proc\u00e9d\u00e9 mardi au lancement des travaux de construction du Pipeline international Niger-B\u00e9nin \u00e0 Koul\u00e9l\u00e9 (Agadem)"},"content":{"rendered":"\n<p> Le Pr\u00e9sident de la R\u00e9publique, Chef de l\u2019Etat, SEM. Issoufou Mahamadou, a proc\u00e9d\u00e9 mardi, 17 septembre 2019,\u00a0\u00a0au lancement des travaux de construction du pipeline international export reliant le Niger au B\u00e9nin pour un lin\u00e9aire total de 1982 km dont 1298 km en territoire nig\u00e9rien.<a href=\"https:\/\/www.presidence.ne\/audiences-et-sommets-1\/2019\/9\/17\/le-prsident-issoufou-mahamadou-a-procd-mardi-au-lancement-des-travaux-de-construction-du-pipeline-international-niger-bnin-koull-agadem\" target=\"_blank\" rel=\"noreferrer noopener\" aria-label=\" Lire suite (s\u2019ouvre dans un nouvel onglet)\"> Lire suite<\/a><\/p>\n","protected":false},"excerpt":{"rendered":"<p>Le Pr\u00e9sident de la R\u00e9publique, Chef de l\u2019Etat, SEM. Issoufou Mahamadou, a proc\u00e9d\u00e9 mardi, 17 septembre 2019,\u00a0\u00a0au lancement des travaux<\/p>\n","protected":false},"author":1,"featured_media":503,"comment_status":"closed","ping_status":"closed","sticky":false,"template":"","format":"standard","meta":[],"categories":[6],"tags":[],"_links":{"self":[{"href":"https:\/\/www.ambassadeniger-fr.org\/version-wp-2019\/index.php?rest_route=\/wp\/v2\/posts\/502"}],"collection":[{"href":"https:\/\/www.ambassadeniger-fr.org\/version-wp-2019\/index.php?rest_route=\/wp\/v2\/posts"}],"about":[{"href":"https:\/\/www.ambassadeniger-fr.org\/version-wp-2019\/index.php?rest_route=\/wp\/v2\/types\/post"}],"author":[{"embeddable":true,"href":"https:\/\/www.ambassadeniger-fr.org\/version-wp-2019\/index.php?rest_route=\/wp\/v2\/users\/1"}],"replies":[{"embeddable":true,"href":"https:\/\/www.ambassadeniger-fr.org\/version-wp-2019\/index.php?rest_route=%2Fwp%2Fv2%2Fcomments&post=502"}],"version-history":[{"count":1,"href":"https:\/\/www.ambassadeniger-fr.org\/version-wp-2019\/index.php?rest_route=\/wp\/v2\/posts\/502\/revisions"}],"predecessor-version":[{"id":504,"href":"https:\/\/www.ambassadeniger-fr.org\/version-wp-2019\/index.php?rest_route=\/wp\/v2\/posts\/502\/revisions\/504"}],"wp:featuredmedia":[{"embeddable":true,"href":"https:\/\/www.ambassadeniger-fr.org\/version-wp-2019\/index.php?rest_route=\/wp\/v2\/media\/503"}],"wp:attachment":[{"href":"https:\/\/www.ambassadeniger-fr.org\/version-wp-2019\/index.php?rest_route=%2Fwp%2Fv2%2Fmedia&parent=502"}],"wp:term":[{"taxonomy":"category","embeddable":true,"href":"https:\/\/www.ambassadeniger-fr.org\/version-wp-2019\/index.php?rest_route=%2Fwp%2Fv2%2Fcategories&post=502"},{"taxonomy":"post_tag","embeddable":true,"href":"https:\/\/www.ambassadeniger-fr.org\/version-wp-2019\/index.php?rest_route=%2Fwp%2Fv2%2Ftags&post=502"}],"curies":[{"name":"wp","href":"https:\/\/api.w.org\/{rel}","templated":true}]}}