{"id":499,"date":"2019-09-12T10:44:08","date_gmt":"2019-09-12T08:44:08","guid":{"rendered":"https:\/\/www.ambassadeniger-fr.org\/version-wp-2019\/?p=499"},"modified":"2019-09-12T10:44:10","modified_gmt":"2019-09-12T08:44:10","slug":"le-president-de-la-republique-a-encourage-et-felicite-mercredi-les-laureats-2019-du-prix-de-lexcellence-et-du-merite-de-la-fondation-guri-vie-meilleure","status":"publish","type":"post","link":"https:\/\/www.ambassadeniger-fr.org\/version-wp-2019\/?p=499","title":{"rendered":"Le Pr\u00e9sident de la R\u00e9publique a encourag\u00e9 et f\u00e9licit\u00e9 mercredi les laur\u00e9ats 2019 du Prix de l\u2019Excellence et du M\u00e9rite de la Fondation \u00ab Guri Vie Meilleure \u00bb"},"content":{"rendered":"\n<p> Le Pr\u00e9sident de la R\u00e9publique, Chef de l\u2019Etat, SEM Issoufou Mahamadou, a encourag\u00e9 et f\u00e9licit\u00e9 mercredi en fin d\u2019apr\u00e8s-midi, 11 septembre 2019, les scolaires laur\u00e9ats de la 9\u00e8me \u00e9dition du Prix de l\u2019Excellence et du M\u00e9rite 2018-2019 de la Fondation \u2018\u2019Guri vie meilleure\u2019\u2019 de la Premi\u00e8re Dame Hadjia Aissata Issoufou Mahamadou.<a href=\"https:\/\/www.presidence.ne\/audiences-et-sommets-1\/2019\/9\/11\/le-prsident-de-la-rpublique-a-encourag-et-flicit-mercredi-les-laurats-2019-du-prix-de-lexcellence-et-du-mrite-de-la-fondation-guri-vie-meilleure-\" target=\"_blank\" rel=\"noreferrer noopener\" aria-label=\" Lire suite (s\u2019ouvre dans un nouvel onglet)\"> Lire suite<\/a><\/p>\n","protected":false},"excerpt":{"rendered":"<p>Le Pr\u00e9sident de la R\u00e9publique, Chef de l\u2019Etat, SEM Issoufou Mahamadou, a encourag\u00e9 et f\u00e9licit\u00e9 mercredi en fin d\u2019apr\u00e8s-midi, 11<\/p>\n","protected":false},"author":1,"featured_media":500,"comment_status":"closed","ping_status":"closed","sticky":false,"template":"","format":"standard","meta":[],"categories":[6],"tags":[],"_links":{"self":[{"href":"https:\/\/www.ambassadeniger-fr.org\/version-wp-2019\/index.php?rest_route=\/wp\/v2\/posts\/499"}],"collection":[{"href":"https:\/\/www.ambassadeniger-fr.org\/version-wp-2019\/index.php?rest_route=\/wp\/v2\/posts"}],"about":[{"href":"https:\/\/www.ambassadeniger-fr.org\/version-wp-2019\/index.php?rest_route=\/wp\/v2\/types\/post"}],"author":[{"embeddable":true,"href":"https:\/\/www.ambassadeniger-fr.org\/version-wp-2019\/index.php?rest_route=\/wp\/v2\/users\/1"}],"replies":[{"embeddable":true,"href":"https:\/\/www.ambassadeniger-fr.org\/version-wp-2019\/index.php?rest_route=%2Fwp%2Fv2%2Fcomments&post=499"}],"version-history":[{"count":1,"href":"https:\/\/www.ambassadeniger-fr.org\/version-wp-2019\/index.php?rest_route=\/wp\/v2\/posts\/499\/revisions"}],"predecessor-version":[{"id":501,"href":"https:\/\/www.ambassadeniger-fr.org\/version-wp-2019\/index.php?rest_route=\/wp\/v2\/posts\/499\/revisions\/501"}],"wp:featuredmedia":[{"embeddable":true,"href":"https:\/\/www.ambassadeniger-fr.org\/version-wp-2019\/index.php?rest_route=\/wp\/v2\/media\/500"}],"wp:attachment":[{"href":"https:\/\/www.ambassadeniger-fr.org\/version-wp-2019\/index.php?rest_route=%2Fwp%2Fv2%2Fmedia&parent=499"}],"wp:term":[{"taxonomy":"category","embeddable":true,"href":"https:\/\/www.ambassadeniger-fr.org\/version-wp-2019\/index.php?rest_route=%2Fwp%2Fv2%2Fcategories&post=499"},{"taxonomy":"post_tag","embeddable":true,"href":"https:\/\/www.ambassadeniger-fr.org\/version-wp-2019\/index.php?rest_route=%2Fwp%2Fv2%2Ftags&post=499"}],"curies":[{"name":"wp","href":"https:\/\/api.w.org\/{rel}","templated":true}]}}