{"id":494,"date":"2019-08-14T13:40:30","date_gmt":"2019-08-14T11:40:30","guid":{"rendered":"https:\/\/www.ambassadeniger-fr.org\/version-wp-2019\/?p=494"},"modified":"2019-08-14T13:40:31","modified_gmt":"2019-08-14T11:40:31","slug":"le-president-issoufou-mahamadou-a-pris-part-dimanche-a-la-priere-de-laid-el-adha","status":"publish","type":"post","link":"https:\/\/www.ambassadeniger-fr.org\/version-wp-2019\/?p=494","title":{"rendered":"Le Pr\u00e9sident Issoufou Mahamadou a pris part dimanche \u00e0 la pri\u00e8re de l\u2019A\u00efd El Adha"},"content":{"rendered":"\n<p> Le Pr\u00e9sident de la R\u00e9publique, Chef de l\u2019Etat, SEM Issoufou Mahamadou, a accompli dimanche, 11 ao\u00fbt 2019, \u00e0 l\u2019instar de milliers de fid\u00e8les musulmans de Niamey, la pri\u00e8re de l\u2019Aid El Adha ou Tabaski. <a href=\"https:\/\/www.presidence.ne\/audiences-et-sommets-1\/2019\/8\/11\/le-prsident-issoufou-mahamadou-a-pris-part-dimanche-la-prire-de-lad-el-adha\" target=\"_blank\" rel=\"noreferrer noopener\" aria-label=\"Lire suite (s\u2019ouvre dans un nouvel onglet)\">Lire suite<\/a><\/p>\n","protected":false},"excerpt":{"rendered":"<p>Le Pr\u00e9sident de la R\u00e9publique, Chef de l\u2019Etat, SEM Issoufou Mahamadou, a accompli dimanche, 11 ao\u00fbt 2019, \u00e0 l\u2019instar de<\/p>\n","protected":false},"author":1,"featured_media":495,"comment_status":"closed","ping_status":"closed","sticky":false,"template":"","format":"standard","meta":[],"categories":[6],"tags":[],"_links":{"self":[{"href":"https:\/\/www.ambassadeniger-fr.org\/version-wp-2019\/index.php?rest_route=\/wp\/v2\/posts\/494"}],"collection":[{"href":"https:\/\/www.ambassadeniger-fr.org\/version-wp-2019\/index.php?rest_route=\/wp\/v2\/posts"}],"about":[{"href":"https:\/\/www.ambassadeniger-fr.org\/version-wp-2019\/index.php?rest_route=\/wp\/v2\/types\/post"}],"author":[{"embeddable":true,"href":"https:\/\/www.ambassadeniger-fr.org\/version-wp-2019\/index.php?rest_route=\/wp\/v2\/users\/1"}],"replies":[{"embeddable":true,"href":"https:\/\/www.ambassadeniger-fr.org\/version-wp-2019\/index.php?rest_route=%2Fwp%2Fv2%2Fcomments&post=494"}],"version-history":[{"count":1,"href":"https:\/\/www.ambassadeniger-fr.org\/version-wp-2019\/index.php?rest_route=\/wp\/v2\/posts\/494\/revisions"}],"predecessor-version":[{"id":496,"href":"https:\/\/www.ambassadeniger-fr.org\/version-wp-2019\/index.php?rest_route=\/wp\/v2\/posts\/494\/revisions\/496"}],"wp:featuredmedia":[{"embeddable":true,"href":"https:\/\/www.ambassadeniger-fr.org\/version-wp-2019\/index.php?rest_route=\/wp\/v2\/media\/495"}],"wp:attachment":[{"href":"https:\/\/www.ambassadeniger-fr.org\/version-wp-2019\/index.php?rest_route=%2Fwp%2Fv2%2Fmedia&parent=494"}],"wp:term":[{"taxonomy":"category","embeddable":true,"href":"https:\/\/www.ambassadeniger-fr.org\/version-wp-2019\/index.php?rest_route=%2Fwp%2Fv2%2Fcategories&post=494"},{"taxonomy":"post_tag","embeddable":true,"href":"https:\/\/www.ambassadeniger-fr.org\/version-wp-2019\/index.php?rest_route=%2Fwp%2Fv2%2Ftags&post=494"}],"curies":[{"name":"wp","href":"https:\/\/api.w.org\/{rel}","templated":true}]}}