{"id":460,"date":"2019-07-02T10:16:49","date_gmt":"2019-07-02T08:16:49","guid":{"rendered":"https:\/\/www.ambassadeniger-fr.org\/version-wp-2019\/?p=460"},"modified":"2019-08-06T23:04:58","modified_gmt":"2019-08-06T21:04:58","slug":"sem-issoufou-nouveau-president-de-la-cedeaojaccorderai-une-grande-priorite-a-la-securite-regionalela-consolidation-des-institutions-democratiques-et-lintegration-economique-d","status":"publish","type":"post","link":"https:\/\/www.ambassadeniger-fr.org\/version-wp-2019\/?p=460","title":{"rendered":"SEM Issoufou nouveau Pr\u00e9sident de la CEDEAO:\u00abJ\u2019accorderai une grande priorit\u00e9 \u00e0 la s\u00e9curit\u00e9 r\u00e9gionale,la consolidation des institutions d\u00e9mocratiques et l\u2019int\u00e9gration \u00e9conomique de nos Etats\u00bb"},"content":{"rendered":"\n<p> Le Pr\u00e9sident de la R\u00e9publique, SEM Issoufou Mahamadou a \u00e9t\u00e9 \u00e9lu samedi soir, 29 juin 2019, \u00e0 Abuja, au Nig\u00e9ria, par ses pairs ouest africains, Pr\u00e9sident de la Conf\u00e9rence des Chefs d&rsquo;Etat et de Gouvernement de la Communaut\u00e9 Economique des Etats de l\u2019Afrique de l\u2019Ouest (CEDEAO) pour un mandat d&rsquo;un an. <a href=\"https:\/\/www.presidence.ne\/audiences-et-sommets-1\/2019\/6\/29\/sem-issoufou-nouveau-prsident-de-la-cedeaojaccorderai-une-grande-priorit-la-scurit-rgionalela-consolidation-des-institutions-dmocratiques-et-lintgration-conomique-de-nos-etats\" target=\"_blank\" rel=\"noreferrer noopener\" aria-label=\"Lire suite (s\u2019ouvre dans un nouvel onglet)\">Lire suite<\/a><\/p>\n","protected":false},"excerpt":{"rendered":"<p>Le Pr\u00e9sident de la R\u00e9publique, SEM Issoufou Mahamadou a \u00e9t\u00e9 \u00e9lu samedi soir, 29 juin 2019, \u00e0 Abuja, au Nig\u00e9ria,<\/p>\n","protected":false},"author":1,"featured_media":461,"comment_status":"closed","ping_status":"closed","sticky":false,"template":"","format":"standard","meta":[],"categories":[6],"tags":[],"_links":{"self":[{"href":"https:\/\/www.ambassadeniger-fr.org\/version-wp-2019\/index.php?rest_route=\/wp\/v2\/posts\/460"}],"collection":[{"href":"https:\/\/www.ambassadeniger-fr.org\/version-wp-2019\/index.php?rest_route=\/wp\/v2\/posts"}],"about":[{"href":"https:\/\/www.ambassadeniger-fr.org\/version-wp-2019\/index.php?rest_route=\/wp\/v2\/types\/post"}],"author":[{"embeddable":true,"href":"https:\/\/www.ambassadeniger-fr.org\/version-wp-2019\/index.php?rest_route=\/wp\/v2\/users\/1"}],"replies":[{"embeddable":true,"href":"https:\/\/www.ambassadeniger-fr.org\/version-wp-2019\/index.php?rest_route=%2Fwp%2Fv2%2Fcomments&post=460"}],"version-history":[{"count":1,"href":"https:\/\/www.ambassadeniger-fr.org\/version-wp-2019\/index.php?rest_route=\/wp\/v2\/posts\/460\/revisions"}],"predecessor-version":[{"id":462,"href":"https:\/\/www.ambassadeniger-fr.org\/version-wp-2019\/index.php?rest_route=\/wp\/v2\/posts\/460\/revisions\/462"}],"wp:featuredmedia":[{"embeddable":true,"href":"https:\/\/www.ambassadeniger-fr.org\/version-wp-2019\/index.php?rest_route=\/wp\/v2\/media\/461"}],"wp:attachment":[{"href":"https:\/\/www.ambassadeniger-fr.org\/version-wp-2019\/index.php?rest_route=%2Fwp%2Fv2%2Fmedia&parent=460"}],"wp:term":[{"taxonomy":"category","embeddable":true,"href":"https:\/\/www.ambassadeniger-fr.org\/version-wp-2019\/index.php?rest_route=%2Fwp%2Fv2%2Fcategories&post=460"},{"taxonomy":"post_tag","embeddable":true,"href":"https:\/\/www.ambassadeniger-fr.org\/version-wp-2019\/index.php?rest_route=%2Fwp%2Fv2%2Ftags&post=460"}],"curies":[{"name":"wp","href":"https:\/\/api.w.org\/{rel}","templated":true}]}}