{"id":397,"date":"2019-05-31T11:06:36","date_gmt":"2019-05-31T09:06:36","guid":{"rendered":"https:\/\/www.ambassadeniger-fr.org\/version-wp-2019\/?p=397"},"modified":"2019-08-06T23:04:58","modified_gmt":"2019-08-06T21:04:58","slug":"visite-detat-du-president-de-la-republique-en-chine-les-presidents-issoufou-mahamadou-et-xi-jinping-pour-de-nouvelles-perspectives-de-cooperation-entre-les-deux-pays","status":"publish","type":"post","link":"https:\/\/www.ambassadeniger-fr.org\/version-wp-2019\/?p=397","title":{"rendered":"Visite d\u2019Etat du Pr\u00e9sident de la R\u00e9publique en Chine Les Pr\u00e9sidents Issoufou Mahamadou et Xi Jinping pour de nouvelles perspectives de coop\u00e9ration entre les deux pays"},"content":{"rendered":"\n<p> Le Pr\u00e9sident de la R\u00e9publique, SEM Issoufou Mahamadou, accompagn\u00e9 de la Premi\u00e8re Dame Hadjia Aissata Issoufou Mahamadou, a \u00e9t\u00e9 re\u00e7u mardi en fin d\u2019apr\u00e8s-midi, 28 mai 2019, \u00e0 P\u00e9kin, avec tous les honneurs militaires, par le Pr\u00e9sident de la R\u00e9publique Populaire de Chine, SEM Xi Jinping, accompagn\u00e9 de la Premi\u00e8re Dame Prof. Peng Liyuan.  <a href=\"https:\/\/www.presidence.ne\/audiences-et-sommets-1\/2019\/5\/28\/visite-detat-du-prsident-de-la-rpublique-en-chine-les-prsidents-issoufou-mahamadou-et-xi-jinping-pour-de-nouvelles-perspectives-de-coopration-entre-les-deux-pays\" target=\"_blank\" rel=\"noreferrer noopener\" aria-label=\"Lire suite (s\u2019ouvre dans un nouvel onglet)\">Lire suite<\/a><\/p>\n","protected":false},"excerpt":{"rendered":"<p>Le Pr\u00e9sident de la R\u00e9publique, SEM Issoufou Mahamadou, accompagn\u00e9 de la Premi\u00e8re Dame Hadjia Aissata Issoufou Mahamadou, a \u00e9t\u00e9 re\u00e7u<\/p>\n","protected":false},"author":1,"featured_media":398,"comment_status":"closed","ping_status":"closed","sticky":false,"template":"","format":"standard","meta":[],"categories":[6],"tags":[],"_links":{"self":[{"href":"https:\/\/www.ambassadeniger-fr.org\/version-wp-2019\/index.php?rest_route=\/wp\/v2\/posts\/397"}],"collection":[{"href":"https:\/\/www.ambassadeniger-fr.org\/version-wp-2019\/index.php?rest_route=\/wp\/v2\/posts"}],"about":[{"href":"https:\/\/www.ambassadeniger-fr.org\/version-wp-2019\/index.php?rest_route=\/wp\/v2\/types\/post"}],"author":[{"embeddable":true,"href":"https:\/\/www.ambassadeniger-fr.org\/version-wp-2019\/index.php?rest_route=\/wp\/v2\/users\/1"}],"replies":[{"embeddable":true,"href":"https:\/\/www.ambassadeniger-fr.org\/version-wp-2019\/index.php?rest_route=%2Fwp%2Fv2%2Fcomments&post=397"}],"version-history":[{"count":1,"href":"https:\/\/www.ambassadeniger-fr.org\/version-wp-2019\/index.php?rest_route=\/wp\/v2\/posts\/397\/revisions"}],"predecessor-version":[{"id":399,"href":"https:\/\/www.ambassadeniger-fr.org\/version-wp-2019\/index.php?rest_route=\/wp\/v2\/posts\/397\/revisions\/399"}],"wp:featuredmedia":[{"embeddable":true,"href":"https:\/\/www.ambassadeniger-fr.org\/version-wp-2019\/index.php?rest_route=\/wp\/v2\/media\/398"}],"wp:attachment":[{"href":"https:\/\/www.ambassadeniger-fr.org\/version-wp-2019\/index.php?rest_route=%2Fwp%2Fv2%2Fmedia&parent=397"}],"wp:term":[{"taxonomy":"category","embeddable":true,"href":"https:\/\/www.ambassadeniger-fr.org\/version-wp-2019\/index.php?rest_route=%2Fwp%2Fv2%2Fcategories&post=397"},{"taxonomy":"post_tag","embeddable":true,"href":"https:\/\/www.ambassadeniger-fr.org\/version-wp-2019\/index.php?rest_route=%2Fwp%2Fv2%2Ftags&post=397"}],"curies":[{"name":"wp","href":"https:\/\/api.w.org\/{rel}","templated":true}]}}