{"id":381,"date":"2019-05-22T10:35:08","date_gmt":"2019-05-22T08:35:08","guid":{"rendered":"https:\/\/www.ambassadeniger-fr.org\/version-wp-2019\/?p=381"},"modified":"2019-08-06T23:04:58","modified_gmt":"2019-08-06T21:04:58","slug":"la-nation-noubliera-jamais-ses-fils-declare-le-chef-de-letat-devant-les-veuves-et-enfants-des-militaires-tombes-sur-le-champ-dhonneur","status":"publish","type":"post","link":"https:\/\/www.ambassadeniger-fr.org\/version-wp-2019\/?p=381","title":{"rendered":"\u00ab La Nation n\u2019oubliera jamais ses fils \u00bb, d\u00e9clare le Chef de l\u2019Etat devant les veuves et enfants des militaires tomb\u00e9s sur le champ d\u2019honneur."},"content":{"rendered":"\n<p> Le Pr\u00e9sident de la R\u00e9publique, Chef de l\u2019Etat, SEM Issoufou Mahamadou, r\u00e9pondant \u00e0 la repr\u00e9sentante des veuves et enfants des &nbsp;militaires tomb\u00e9s sur le champ d\u2019honneur, a renouvel\u00e9 lundi, 20 mai 2019, la compassion et le soutien de la Nation toute enti\u00e8re aux familles des soldats. <a href=\"https:\/\/www.presidence.ne\/audiences-et-sommets-1\/2019\/5\/21\/-la-nation-noubliera-jamais-ses-fils-dclare-le-chef-de-letat-devant-les-veuves-et-enfants-des-militaires-tombs-sur-le-champ-dhonneur\" target=\"_blank\" rel=\"noreferrer noopener\" aria-label=\" Lire plus (s\u2019ouvre dans un nouvel onglet)\"> Lire plus<\/a><\/p>\n","protected":false},"excerpt":{"rendered":"<p>Le Pr\u00e9sident de la R\u00e9publique, Chef de l\u2019Etat, SEM Issoufou Mahamadou, r\u00e9pondant \u00e0 la repr\u00e9sentante des veuves et enfants des<\/p>\n","protected":false},"author":1,"featured_media":382,"comment_status":"closed","ping_status":"closed","sticky":false,"template":"","format":"standard","meta":[],"categories":[6],"tags":[],"_links":{"self":[{"href":"https:\/\/www.ambassadeniger-fr.org\/version-wp-2019\/index.php?rest_route=\/wp\/v2\/posts\/381"}],"collection":[{"href":"https:\/\/www.ambassadeniger-fr.org\/version-wp-2019\/index.php?rest_route=\/wp\/v2\/posts"}],"about":[{"href":"https:\/\/www.ambassadeniger-fr.org\/version-wp-2019\/index.php?rest_route=\/wp\/v2\/types\/post"}],"author":[{"embeddable":true,"href":"https:\/\/www.ambassadeniger-fr.org\/version-wp-2019\/index.php?rest_route=\/wp\/v2\/users\/1"}],"replies":[{"embeddable":true,"href":"https:\/\/www.ambassadeniger-fr.org\/version-wp-2019\/index.php?rest_route=%2Fwp%2Fv2%2Fcomments&post=381"}],"version-history":[{"count":2,"href":"https:\/\/www.ambassadeniger-fr.org\/version-wp-2019\/index.php?rest_route=\/wp\/v2\/posts\/381\/revisions"}],"predecessor-version":[{"id":481,"href":"https:\/\/www.ambassadeniger-fr.org\/version-wp-2019\/index.php?rest_route=\/wp\/v2\/posts\/381\/revisions\/481"}],"wp:featuredmedia":[{"embeddable":true,"href":"https:\/\/www.ambassadeniger-fr.org\/version-wp-2019\/index.php?rest_route=\/wp\/v2\/media\/382"}],"wp:attachment":[{"href":"https:\/\/www.ambassadeniger-fr.org\/version-wp-2019\/index.php?rest_route=%2Fwp%2Fv2%2Fmedia&parent=381"}],"wp:term":[{"taxonomy":"category","embeddable":true,"href":"https:\/\/www.ambassadeniger-fr.org\/version-wp-2019\/index.php?rest_route=%2Fwp%2Fv2%2Fcategories&post=381"},{"taxonomy":"post_tag","embeddable":true,"href":"https:\/\/www.ambassadeniger-fr.org\/version-wp-2019\/index.php?rest_route=%2Fwp%2Fv2%2Ftags&post=381"}],"curies":[{"name":"wp","href":"https:\/\/api.w.org\/{rel}","templated":true}]}}