{"id":373,"date":"2019-05-14T10:57:19","date_gmt":"2019-05-14T08:57:19","guid":{"rendered":"https:\/\/www.ambassadeniger-fr.org\/version-wp-2019\/?p=373"},"modified":"2019-08-06T23:04:58","modified_gmt":"2019-08-06T21:04:58","slug":"le-president-issoufou-mahamadou-a-preside-lundi-une-reunion-sur-le-projet-de-construction-du-pipeline-dexportation-du-petrole-brut","status":"publish","type":"post","link":"https:\/\/www.ambassadeniger-fr.org\/version-wp-2019\/?p=373","title":{"rendered":"Le Pr\u00e9sident Issoufou Mahamadou a pr\u00e9sid\u00e9 lundi une r\u00e9union sur le Projet de construction du pipeline d\u2019exportation du p\u00e9trole brut"},"content":{"rendered":"\n<p> Le Pr\u00e9sident de la R\u00e9publique, SEM Issoufou Mahamadou, a pr\u00e9sid\u00e9 lundi 13 mai 2019, au Palais de la Pr\u00e9sidence, &nbsp;une r\u00e9union sur le Projet de construction du pipeline d\u2019exportation du p\u00e9trole brut. <a href=\"https:\/\/www.presidence.ne\/audiences-et-sommets-1\/2019\/5\/13\/le-prsident-issoufou-mahamadou-a-prsid-lundi-une-runion-sur-le-projet-de-construction-du-pipeline-dexportation-du-ptrole-brut\" target=\"_blank\" rel=\"noreferrer noopener\" aria-label=\"Lire plus (s\u2019ouvre dans un nouvel onglet)\">Lire plus<\/a><\/p>\n","protected":false},"excerpt":{"rendered":"<p>Le Pr\u00e9sident de la R\u00e9publique, SEM Issoufou Mahamadou, a pr\u00e9sid\u00e9 lundi 13 mai 2019, au Palais de la Pr\u00e9sidence, &nbsp;une<\/p>\n","protected":false},"author":1,"featured_media":374,"comment_status":"closed","ping_status":"closed","sticky":false,"template":"","format":"standard","meta":[],"categories":[6],"tags":[],"_links":{"self":[{"href":"https:\/\/www.ambassadeniger-fr.org\/version-wp-2019\/index.php?rest_route=\/wp\/v2\/posts\/373"}],"collection":[{"href":"https:\/\/www.ambassadeniger-fr.org\/version-wp-2019\/index.php?rest_route=\/wp\/v2\/posts"}],"about":[{"href":"https:\/\/www.ambassadeniger-fr.org\/version-wp-2019\/index.php?rest_route=\/wp\/v2\/types\/post"}],"author":[{"embeddable":true,"href":"https:\/\/www.ambassadeniger-fr.org\/version-wp-2019\/index.php?rest_route=\/wp\/v2\/users\/1"}],"replies":[{"embeddable":true,"href":"https:\/\/www.ambassadeniger-fr.org\/version-wp-2019\/index.php?rest_route=%2Fwp%2Fv2%2Fcomments&post=373"}],"version-history":[{"count":3,"href":"https:\/\/www.ambassadeniger-fr.org\/version-wp-2019\/index.php?rest_route=\/wp\/v2\/posts\/373\/revisions"}],"predecessor-version":[{"id":482,"href":"https:\/\/www.ambassadeniger-fr.org\/version-wp-2019\/index.php?rest_route=\/wp\/v2\/posts\/373\/revisions\/482"}],"wp:featuredmedia":[{"embeddable":true,"href":"https:\/\/www.ambassadeniger-fr.org\/version-wp-2019\/index.php?rest_route=\/wp\/v2\/media\/374"}],"wp:attachment":[{"href":"https:\/\/www.ambassadeniger-fr.org\/version-wp-2019\/index.php?rest_route=%2Fwp%2Fv2%2Fmedia&parent=373"}],"wp:term":[{"taxonomy":"category","embeddable":true,"href":"https:\/\/www.ambassadeniger-fr.org\/version-wp-2019\/index.php?rest_route=%2Fwp%2Fv2%2Fcategories&post=373"},{"taxonomy":"post_tag","embeddable":true,"href":"https:\/\/www.ambassadeniger-fr.org\/version-wp-2019\/index.php?rest_route=%2Fwp%2Fv2%2Ftags&post=373"}],"curies":[{"name":"wp","href":"https:\/\/api.w.org\/{rel}","templated":true}]}}