{"id":355,"date":"2019-05-06T10:37:01","date_gmt":"2019-05-06T08:37:01","guid":{"rendered":"https:\/\/www.ambassadeniger-fr.org\/version-wp-2019\/?p=355"},"modified":"2019-08-06T22:54:52","modified_gmt":"2019-08-06T20:54:52","slug":"fin-de-la-visite-de-travail-et-damitie-de-la-chanceliere-allemande-au-niger-se-madame-angela-merkel-a-quitte-niamey-vendredi","status":"publish","type":"post","link":"https:\/\/www.ambassadeniger-fr.org\/version-wp-2019\/?p=355","title":{"rendered":"Fin de la visite de travail et d\u2019amiti\u00e9 de la Chanceli\u00e8re allemande au Niger: SE Madame Angela Merkel a quitt\u00e9 Niamey vendredi"},"content":{"rendered":"\n<p> La Chanceli\u00e8re de la R\u00e9publique F\u00e9d\u00e9rale d\u2019Allemagne, SE Madame Angela Merkel, au terme d\u2019une visite d\u2019amiti\u00e9 et de travail de 24 h au Niger, a quitt\u00e9 Niamey vendredi 3 mai 2019, en d\u00e9but d\u2019apr\u00e8s-midi.<a href=\"https:\/\/www.presidence.ne\/audiences-et-sommets-1\/2019\/5\/3\/fin-de-la-visite-de-travail-et-damiti-de-la-chancelire-allemande-au-niger-se-madame-angela-merkel-a-quitt-niamey-vendredi-en-dbut-daprs-midi\" target=\"_blank\" rel=\"noreferrer noopener\" aria-label=\" Lire la suite (s\u2019ouvre dans un nouvel onglet)\"> Lire la suite<\/a><\/p>\n","protected":false},"excerpt":{"rendered":"<p>La Chanceli\u00e8re de la R\u00e9publique F\u00e9d\u00e9rale d\u2019Allemagne, SE Madame Angela Merkel, au terme d\u2019une visite d\u2019amiti\u00e9 et de travail de<\/p>\n","protected":false},"author":1,"featured_media":356,"comment_status":"closed","ping_status":"closed","sticky":false,"template":"","format":"standard","meta":[],"categories":[6],"tags":[],"_links":{"self":[{"href":"https:\/\/www.ambassadeniger-fr.org\/version-wp-2019\/index.php?rest_route=\/wp\/v2\/posts\/355"}],"collection":[{"href":"https:\/\/www.ambassadeniger-fr.org\/version-wp-2019\/index.php?rest_route=\/wp\/v2\/posts"}],"about":[{"href":"https:\/\/www.ambassadeniger-fr.org\/version-wp-2019\/index.php?rest_route=\/wp\/v2\/types\/post"}],"author":[{"embeddable":true,"href":"https:\/\/www.ambassadeniger-fr.org\/version-wp-2019\/index.php?rest_route=\/wp\/v2\/users\/1"}],"replies":[{"embeddable":true,"href":"https:\/\/www.ambassadeniger-fr.org\/version-wp-2019\/index.php?rest_route=%2Fwp%2Fv2%2Fcomments&post=355"}],"version-history":[{"count":1,"href":"https:\/\/www.ambassadeniger-fr.org\/version-wp-2019\/index.php?rest_route=\/wp\/v2\/posts\/355\/revisions"}],"predecessor-version":[{"id":357,"href":"https:\/\/www.ambassadeniger-fr.org\/version-wp-2019\/index.php?rest_route=\/wp\/v2\/posts\/355\/revisions\/357"}],"wp:featuredmedia":[{"embeddable":true,"href":"https:\/\/www.ambassadeniger-fr.org\/version-wp-2019\/index.php?rest_route=\/wp\/v2\/media\/356"}],"wp:attachment":[{"href":"https:\/\/www.ambassadeniger-fr.org\/version-wp-2019\/index.php?rest_route=%2Fwp%2Fv2%2Fmedia&parent=355"}],"wp:term":[{"taxonomy":"category","embeddable":true,"href":"https:\/\/www.ambassadeniger-fr.org\/version-wp-2019\/index.php?rest_route=%2Fwp%2Fv2%2Fcategories&post=355"},{"taxonomy":"post_tag","embeddable":true,"href":"https:\/\/www.ambassadeniger-fr.org\/version-wp-2019\/index.php?rest_route=%2Fwp%2Fv2%2Ftags&post=355"}],"curies":[{"name":"wp","href":"https:\/\/api.w.org\/{rel}","templated":true}]}}