{"id":251,"date":"2019-04-07T18:52:31","date_gmt":"2019-04-07T16:52:31","guid":{"rendered":"http:\/\/www.ambassadeniger-fr.org\/version-wp-2019\/?p=251"},"modified":"2019-08-06T23:03:39","modified_gmt":"2019-08-06T21:03:39","slug":"communique-de-lambassade-13","status":"publish","type":"post","link":"https:\/\/www.ambassadeniger-fr.org\/version-wp-2019\/?p=251","title":{"rendered":"COMMUNIQUE DE L\u2019AMBASSADE"},"content":{"rendered":"\n<p> <br>Comme suite aux r\u00e9unions tenues les 30 septembre et 1er d\u00e9cembre 2017, dans le cadre du processus de renouvellement des structures du Haut Conseil des Nig\u00e9riens \u00e0 l&rsquo;Ext\u00e9rieur (Bureau HCNE &#8211; France),  l&rsquo;Ambassade \u00e0 Paris invite les d\u00e9l\u00e9gu\u00e9s du CONIF et des autres Associations des nig\u00e9riens r\u00e9sidant en France,\u00a0<strong>\u00e0 la r\u00e9union de mise en place dudit Bureau qui aura lieu dans ses locaux, le Samedi 24 mars 2018, \u00e0 partir de 15 heures,<\/strong>\u00a0suivant l&rsquo;ordre du jour ci-apr\u00e8s:<\/p>\n\n\n\n<p>1 &#8211; Restitution du processus de consultations men\u00e9es par les associations en vue de la mise en place du bureau du HCNE\/France<\/p>\n\n\n\n<p>2 &#8211; Mise en place effective du bureau<\/p>\n\n\n\n<p>3 &#8211; Divers<\/p>\n\n\n\n<p><strong>Paris, le 8 mars 2018<\/strong><\/p>\n","protected":false},"excerpt":{"rendered":"<p>Comme suite aux r\u00e9unions tenues les 30 septembre et 1er d\u00e9cembre 2017, dans le cadre du processus de renouvellement des<\/p>\n","protected":false},"author":1,"featured_media":0,"comment_status":"closed","ping_status":"closed","sticky":false,"template":"","format":"standard","meta":[],"categories":[5],"tags":[],"_links":{"self":[{"href":"https:\/\/www.ambassadeniger-fr.org\/version-wp-2019\/index.php?rest_route=\/wp\/v2\/posts\/251"}],"collection":[{"href":"https:\/\/www.ambassadeniger-fr.org\/version-wp-2019\/index.php?rest_route=\/wp\/v2\/posts"}],"about":[{"href":"https:\/\/www.ambassadeniger-fr.org\/version-wp-2019\/index.php?rest_route=\/wp\/v2\/types\/post"}],"author":[{"embeddable":true,"href":"https:\/\/www.ambassadeniger-fr.org\/version-wp-2019\/index.php?rest_route=\/wp\/v2\/users\/1"}],"replies":[{"embeddable":true,"href":"https:\/\/www.ambassadeniger-fr.org\/version-wp-2019\/index.php?rest_route=%2Fwp%2Fv2%2Fcomments&post=251"}],"version-history":[{"count":4,"href":"https:\/\/www.ambassadeniger-fr.org\/version-wp-2019\/index.php?rest_route=\/wp\/v2\/posts\/251\/revisions"}],"predecessor-version":[{"id":266,"href":"https:\/\/www.ambassadeniger-fr.org\/version-wp-2019\/index.php?rest_route=\/wp\/v2\/posts\/251\/revisions\/266"}],"wp:attachment":[{"href":"https:\/\/www.ambassadeniger-fr.org\/version-wp-2019\/index.php?rest_route=%2Fwp%2Fv2%2Fmedia&parent=251"}],"wp:term":[{"taxonomy":"category","embeddable":true,"href":"https:\/\/www.ambassadeniger-fr.org\/version-wp-2019\/index.php?rest_route=%2Fwp%2Fv2%2Fcategories&post=251"},{"taxonomy":"post_tag","embeddable":true,"href":"https:\/\/www.ambassadeniger-fr.org\/version-wp-2019\/index.php?rest_route=%2Fwp%2Fv2%2Ftags&post=251"}],"curies":[{"name":"wp","href":"https:\/\/api.w.org\/{rel}","templated":true}]}}