{"id":247,"date":"2019-04-07T18:51:24","date_gmt":"2019-04-07T16:51:24","guid":{"rendered":"http:\/\/www.ambassadeniger-fr.org\/version-wp-2019\/?p=247"},"modified":"2019-08-06T23:03:39","modified_gmt":"2019-08-06T21:03:39","slug":"communique-de-lambassade-errata","status":"publish","type":"post","link":"https:\/\/www.ambassadeniger-fr.org\/version-wp-2019\/?p=247","title":{"rendered":"Communiqu\u00e9 de l\u2019ambassade &#8211; errata:"},"content":{"rendered":"\n<p>Suite au communiqu\u00e9 diffus\u00e9 le 17 octobre 2017 et qui a pu susciter quelques interrogations, l&rsquo;ambassade prie les destinataires de bien vouloir noter que la d\u00e9nomination \u00ab\u00a0Conseil des Nig\u00e9riens de France\u00a0\u00bb s&rsquo;entend dans ce contexte, de la structure du HCNE pour la France, que l&rsquo;on pourrait appeler desormais \u00ab\u00a0Bureau du HCNE-France\u00a0\u00bb.<\/p>\n\n\n\n<p>L&rsquo;appellation utilis\u00e9e dans le pr\u00e9c\u00e9dent communiqu\u00e9 n&rsquo;a bien entendu rien \u00e0 voir avec le CONIF( Conseil des Nig\u00e9riens de France) mis en place depuis 2014.<\/p>\n\n\n\n<p>Le reste sans changement.<\/p>\n","protected":false},"excerpt":{"rendered":"<p>Suite au communiqu\u00e9 diffus\u00e9 le 17 octobre 2017 et qui a pu susciter quelques interrogations, l&rsquo;ambassade prie les destinataires de<\/p>\n","protected":false},"author":1,"featured_media":0,"comment_status":"closed","ping_status":"closed","sticky":false,"template":"","format":"standard","meta":[],"categories":[5],"tags":[],"_links":{"self":[{"href":"https:\/\/www.ambassadeniger-fr.org\/version-wp-2019\/index.php?rest_route=\/wp\/v2\/posts\/247"}],"collection":[{"href":"https:\/\/www.ambassadeniger-fr.org\/version-wp-2019\/index.php?rest_route=\/wp\/v2\/posts"}],"about":[{"href":"https:\/\/www.ambassadeniger-fr.org\/version-wp-2019\/index.php?rest_route=\/wp\/v2\/types\/post"}],"author":[{"embeddable":true,"href":"https:\/\/www.ambassadeniger-fr.org\/version-wp-2019\/index.php?rest_route=\/wp\/v2\/users\/1"}],"replies":[{"embeddable":true,"href":"https:\/\/www.ambassadeniger-fr.org\/version-wp-2019\/index.php?rest_route=%2Fwp%2Fv2%2Fcomments&post=247"}],"version-history":[{"count":1,"href":"https:\/\/www.ambassadeniger-fr.org\/version-wp-2019\/index.php?rest_route=\/wp\/v2\/posts\/247\/revisions"}],"predecessor-version":[{"id":248,"href":"https:\/\/www.ambassadeniger-fr.org\/version-wp-2019\/index.php?rest_route=\/wp\/v2\/posts\/247\/revisions\/248"}],"wp:attachment":[{"href":"https:\/\/www.ambassadeniger-fr.org\/version-wp-2019\/index.php?rest_route=%2Fwp%2Fv2%2Fmedia&parent=247"}],"wp:term":[{"taxonomy":"category","embeddable":true,"href":"https:\/\/www.ambassadeniger-fr.org\/version-wp-2019\/index.php?rest_route=%2Fwp%2Fv2%2Fcategories&post=247"},{"taxonomy":"post_tag","embeddable":true,"href":"https:\/\/www.ambassadeniger-fr.org\/version-wp-2019\/index.php?rest_route=%2Fwp%2Fv2%2Ftags&post=247"}],"curies":[{"name":"wp","href":"https:\/\/api.w.org\/{rel}","templated":true}]}}