{"id":245,"date":"2019-04-07T18:50:15","date_gmt":"2019-04-07T16:50:15","guid":{"rendered":"http:\/\/www.ambassadeniger-fr.org\/version-wp-2019\/?p=245"},"modified":"2019-08-06T23:03:39","modified_gmt":"2019-08-06T21:03:39","slug":"communique-de-lambassade-11","status":"publish","type":"post","link":"https:\/\/www.ambassadeniger-fr.org\/version-wp-2019\/?p=245","title":{"rendered":"COMMUNIQUE DE L\u2019AMBASSADE"},"content":{"rendered":"\n<p>Comme suite \u00e0 la r\u00e9union tenue le 30 septembre 2017, l&rsquo;ambassade invite le CONIF et toutes les autres Associations de Nig\u00e9riens en France, \u00e0 acc\u00e9l\u00e9rer le processus de concertation initi\u00e9 en vue de la mise en place du Conseil des Nig\u00e9riens de France.<\/p>\n\n\n\n<p>Il est en effet essentiel que cette structure soit op\u00e9rationnelle dans les meilleurs d\u00e9lais, afin d&rsquo;assurer sa repr\u00e9sentation \u00e0 la prochaine&nbsp;Assembl\u00e9e g\u00e9n\u00e9rale du Haut Conseil des Nig\u00e9riens de l&rsquo;Ext\u00e9rieur, \u00e0 Niamey, pour le renouvellement du Bureau.<\/p>\n\n\n\n<p>Aussi, comme l&rsquo;a si bien indiqu\u00e9 SEM l&rsquo;ambassadeur au cours de la r\u00e9union du 30 septembre, \u00ab\u00a0\u00a0le processus de mise en place du Conseil des Nig\u00e9riens de France devra \u00eatre men\u00e9 dans la s\u00e9r\u00e9nit\u00e9, l&rsquo;entente et la fraternit\u00e9, loin de tout conflit et de d\u00e9chirement inutiles, et de pr\u00e9f\u00e9rence sur une base consensuelle qui pr\u00e9serve l&rsquo;unit\u00e9 et la coh\u00e9sion de notre diaspora.\u00a0\u00bb<\/p>\n\n\n\n<p>Fait \u00e0 Paris, le 17 octobre 2017<\/p>\n","protected":false},"excerpt":{"rendered":"<p>Comme suite \u00e0 la r\u00e9union tenue le 30 septembre 2017, l&rsquo;ambassade invite le CONIF et toutes les autres Associations de<\/p>\n","protected":false},"author":1,"featured_media":0,"comment_status":"closed","ping_status":"closed","sticky":false,"template":"","format":"standard","meta":[],"categories":[5],"tags":[],"_links":{"self":[{"href":"https:\/\/www.ambassadeniger-fr.org\/version-wp-2019\/index.php?rest_route=\/wp\/v2\/posts\/245"}],"collection":[{"href":"https:\/\/www.ambassadeniger-fr.org\/version-wp-2019\/index.php?rest_route=\/wp\/v2\/posts"}],"about":[{"href":"https:\/\/www.ambassadeniger-fr.org\/version-wp-2019\/index.php?rest_route=\/wp\/v2\/types\/post"}],"author":[{"embeddable":true,"href":"https:\/\/www.ambassadeniger-fr.org\/version-wp-2019\/index.php?rest_route=\/wp\/v2\/users\/1"}],"replies":[{"embeddable":true,"href":"https:\/\/www.ambassadeniger-fr.org\/version-wp-2019\/index.php?rest_route=%2Fwp%2Fv2%2Fcomments&post=245"}],"version-history":[{"count":1,"href":"https:\/\/www.ambassadeniger-fr.org\/version-wp-2019\/index.php?rest_route=\/wp\/v2\/posts\/245\/revisions"}],"predecessor-version":[{"id":246,"href":"https:\/\/www.ambassadeniger-fr.org\/version-wp-2019\/index.php?rest_route=\/wp\/v2\/posts\/245\/revisions\/246"}],"wp:attachment":[{"href":"https:\/\/www.ambassadeniger-fr.org\/version-wp-2019\/index.php?rest_route=%2Fwp%2Fv2%2Fmedia&parent=245"}],"wp:term":[{"taxonomy":"category","embeddable":true,"href":"https:\/\/www.ambassadeniger-fr.org\/version-wp-2019\/index.php?rest_route=%2Fwp%2Fv2%2Fcategories&post=245"},{"taxonomy":"post_tag","embeddable":true,"href":"https:\/\/www.ambassadeniger-fr.org\/version-wp-2019\/index.php?rest_route=%2Fwp%2Fv2%2Ftags&post=245"}],"curies":[{"name":"wp","href":"https:\/\/api.w.org\/{rel}","templated":true}]}}