{"id":231,"date":"2019-04-07T18:46:06","date_gmt":"2019-04-07T16:46:06","guid":{"rendered":"http:\/\/www.ambassadeniger-fr.org\/version-wp-2019\/?p=231"},"modified":"2019-08-06T23:03:39","modified_gmt":"2019-08-06T21:03:39","slug":"communique-de-lambassade-4","status":"publish","type":"post","link":"https:\/\/www.ambassadeniger-fr.org\/version-wp-2019\/?p=231","title":{"rendered":"COMMUNIQUE DE L\u2019AMBASSADE"},"content":{"rendered":"\n<p>L\u2019Ambassade de la R\u00e9publique du Niger \u00e0 Paris a l\u2019honneur d\u2019informer les ressortissants nig\u00e9riens vivant en France, en Espagne, en Grande-Bretagne au Portugal que le Comit\u00e9 charg\u00e9 de l\u2019\u00e9laboration du fichier \u00e9lectoral biom\u00e9trique (CFEB) compte entreprendre un recensement des nig\u00e9riens \u00e0 l\u2019ext\u00e9rieur.<\/p>\n\n\n\n<p>Une&nbsp;<a href=\"http:\/\/www.cfeb-france.org\/\" target=\"_blank\" rel=\"noreferrer noopener\">coordination<\/a>&nbsp;diplomatique a \u00e9t\u00e9 mise en place \u00e0 cet effet et entreprendra le recensement en fin Ao\u00fbt d\u00e9but Septembre 2015 en France, en Espagne, en Grande-Bretagne et au Portugal. Vous trouverez plus de d\u00e9tails sur la d\u00e9marche en visitant les sites officiels de la coordination CFEB France(<a href=\"http:\/\/www.cfeb-france.org\/\" target=\"_blank\" rel=\"noreferrer noopener\">site internet<\/a>&nbsp;ou &nbsp;<a href=\"https:\/\/www.facebook.com\/CFEB.FRANCE?ref=hl\" target=\"_blank\" rel=\"noreferrer noopener\">facebook<\/a>).<\/p>\n\n\n\n<p>En cons\u00e9quence, l\u2019Ambassade invite d\u00e8s \u00e0 pr\u00e9sent tous les ressortissants nig\u00e9riens \u00e0 se faire&nbsp;recenser.<\/p>\n\n\n\n<p><strong>Fait \u00e0 Paris,&nbsp; le 21 juillet 2015<\/strong><\/p>\n","protected":false},"excerpt":{"rendered":"<p>L\u2019Ambassade de la R\u00e9publique du Niger \u00e0 Paris a l\u2019honneur d\u2019informer les ressortissants nig\u00e9riens vivant en France, en Espagne, en<\/p>\n","protected":false},"author":1,"featured_media":0,"comment_status":"closed","ping_status":"closed","sticky":false,"template":"","format":"standard","meta":[],"categories":[5],"tags":[],"_links":{"self":[{"href":"https:\/\/www.ambassadeniger-fr.org\/version-wp-2019\/index.php?rest_route=\/wp\/v2\/posts\/231"}],"collection":[{"href":"https:\/\/www.ambassadeniger-fr.org\/version-wp-2019\/index.php?rest_route=\/wp\/v2\/posts"}],"about":[{"href":"https:\/\/www.ambassadeniger-fr.org\/version-wp-2019\/index.php?rest_route=\/wp\/v2\/types\/post"}],"author":[{"embeddable":true,"href":"https:\/\/www.ambassadeniger-fr.org\/version-wp-2019\/index.php?rest_route=\/wp\/v2\/users\/1"}],"replies":[{"embeddable":true,"href":"https:\/\/www.ambassadeniger-fr.org\/version-wp-2019\/index.php?rest_route=%2Fwp%2Fv2%2Fcomments&post=231"}],"version-history":[{"count":1,"href":"https:\/\/www.ambassadeniger-fr.org\/version-wp-2019\/index.php?rest_route=\/wp\/v2\/posts\/231\/revisions"}],"predecessor-version":[{"id":232,"href":"https:\/\/www.ambassadeniger-fr.org\/version-wp-2019\/index.php?rest_route=\/wp\/v2\/posts\/231\/revisions\/232"}],"wp:attachment":[{"href":"https:\/\/www.ambassadeniger-fr.org\/version-wp-2019\/index.php?rest_route=%2Fwp%2Fv2%2Fmedia&parent=231"}],"wp:term":[{"taxonomy":"category","embeddable":true,"href":"https:\/\/www.ambassadeniger-fr.org\/version-wp-2019\/index.php?rest_route=%2Fwp%2Fv2%2Fcategories&post=231"},{"taxonomy":"post_tag","embeddable":true,"href":"https:\/\/www.ambassadeniger-fr.org\/version-wp-2019\/index.php?rest_route=%2Fwp%2Fv2%2Ftags&post=231"}],"curies":[{"name":"wp","href":"https:\/\/api.w.org\/{rel}","templated":true}]}}