{"id":229,"date":"2019-04-07T18:45:27","date_gmt":"2019-04-07T16:45:27","guid":{"rendered":"http:\/\/www.ambassadeniger-fr.org\/version-wp-2019\/?p=229"},"modified":"2019-08-06T23:03:39","modified_gmt":"2019-08-06T21:03:39","slug":"communique-de-lambassade-3","status":"publish","type":"post","link":"https:\/\/www.ambassadeniger-fr.org\/version-wp-2019\/?p=229","title":{"rendered":"COMMUNIQUE DE L\u2019AMBASSADE"},"content":{"rendered":"\n<p><strong>L<\/strong>\u2019Ambassade de la R\u00e9publique du Niger a l\u2019honneur d\u2019informer les ressortissants nig\u00e9riens en France, Espagne, Grande-Bretagne et Portugal que le comit\u00e9 National charg\u00e9 de l\u2019\u00e9laboration du fichier \u00e9lectoral biom\u00e9trique compte entreprendre un recensement des nig\u00e9riens \u00e0 l\u2019ext\u00e9rieur.<\/p>\n\n\n\n<p>L\u2019\u00e9laboration de ce nouveau fichier biom\u00e9trique s\u2019inscrit&nbsp; dans le cadre du processus d\u2019\u00e9mission des cartes d\u2019\u00e9lecteurs.<\/p>\n\n\n\n<p>En cons\u00e9quence, l\u2019Ambassade invite instamment tous les ressortissants nig\u00e9riens qui ne sont pas encore immatricul\u00e9s, \u00e0 se faire \u00e9tablir des cartes consulaires (au prix de&nbsp;<strong>10<\/strong>&nbsp;\u20ac), dans les meilleurs d\u00e9lais.<\/p>\n\n\n\n<p><strong>Fait \u00e0 Paris,&nbsp; le 26 septembre 2014<\/strong><\/p>\n\n\n\n<p><strong>L\u2019Ambassadeur<\/strong><\/p>\n\n\n\n<p><strong>Abderahamane&nbsp; MAYAKI<\/strong><\/p>\n","protected":false},"excerpt":{"rendered":"<p>L\u2019Ambassade de la R\u00e9publique du Niger a l\u2019honneur d\u2019informer les ressortissants nig\u00e9riens en France, Espagne, Grande-Bretagne et Portugal que le<\/p>\n","protected":false},"author":1,"featured_media":0,"comment_status":"closed","ping_status":"closed","sticky":false,"template":"","format":"standard","meta":[],"categories":[5],"tags":[],"_links":{"self":[{"href":"https:\/\/www.ambassadeniger-fr.org\/version-wp-2019\/index.php?rest_route=\/wp\/v2\/posts\/229"}],"collection":[{"href":"https:\/\/www.ambassadeniger-fr.org\/version-wp-2019\/index.php?rest_route=\/wp\/v2\/posts"}],"about":[{"href":"https:\/\/www.ambassadeniger-fr.org\/version-wp-2019\/index.php?rest_route=\/wp\/v2\/types\/post"}],"author":[{"embeddable":true,"href":"https:\/\/www.ambassadeniger-fr.org\/version-wp-2019\/index.php?rest_route=\/wp\/v2\/users\/1"}],"replies":[{"embeddable":true,"href":"https:\/\/www.ambassadeniger-fr.org\/version-wp-2019\/index.php?rest_route=%2Fwp%2Fv2%2Fcomments&post=229"}],"version-history":[{"count":1,"href":"https:\/\/www.ambassadeniger-fr.org\/version-wp-2019\/index.php?rest_route=\/wp\/v2\/posts\/229\/revisions"}],"predecessor-version":[{"id":230,"href":"https:\/\/www.ambassadeniger-fr.org\/version-wp-2019\/index.php?rest_route=\/wp\/v2\/posts\/229\/revisions\/230"}],"wp:attachment":[{"href":"https:\/\/www.ambassadeniger-fr.org\/version-wp-2019\/index.php?rest_route=%2Fwp%2Fv2%2Fmedia&parent=229"}],"wp:term":[{"taxonomy":"category","embeddable":true,"href":"https:\/\/www.ambassadeniger-fr.org\/version-wp-2019\/index.php?rest_route=%2Fwp%2Fv2%2Fcategories&post=229"},{"taxonomy":"post_tag","embeddable":true,"href":"https:\/\/www.ambassadeniger-fr.org\/version-wp-2019\/index.php?rest_route=%2Fwp%2Fv2%2Ftags&post=229"}],"curies":[{"name":"wp","href":"https:\/\/api.w.org\/{rel}","templated":true}]}}