{"id":173,"date":"2019-04-07T16:58:46","date_gmt":"2019-04-07T14:58:46","guid":{"rendered":"http:\/\/www.ambassadeniger-fr.org\/version-wp-2019\/?p=173"},"modified":"2019-08-06T23:04:15","modified_gmt":"2019-08-06T21:04:15","slug":"le-president-issoufou-mahamadou-a-dakar-pour-prendre-part-a-linvestiture-du-president-macky-sall","status":"publish","type":"post","link":"https:\/\/www.ambassadeniger-fr.org\/version-wp-2019\/?p=173","title":{"rendered":"Le Pr\u00e9sident Issoufou Mahamadou \u00e0 Dakar pour prendre part \u00e0 l\u2019investiture du Pr\u00e9sident Macky Sall"},"content":{"rendered":"\n<p> Le Pr\u00e9sident de la R\u00e9publique, Chef de l\u2019\u00c9tat SEM Issoufou Mahamadou a quitt\u00e9 Niamey, ce lundi 1er Avril 2019 en d\u00e9but d\u2019apr\u00e8s-midi, \u00e0 destination de Dakar au S\u00e9n\u00e9gal o\u00f9 il participera, le mardi 02 Avril, \u00e0 l\u2019investiture du Pr\u00e9sident Macky Sall r\u00e9\u00e9lu pour un second mandat.  <a href=\"https:\/\/www.presidence.ne\/audiences-et-sommets-1\/2019\/4\/1\/le-prsident-issoufou-mahamadou-dakar-pour-prendre-part-linvestiture-du-prsident-macky-sall\" target=\"_blank\" rel=\"noreferrer noopener\" aria-label=\" (s\u2019ouvre dans un nouvel onglet)\">Lire la suite<\/a><\/p>\n","protected":false},"excerpt":{"rendered":"<p>Le Pr\u00e9sident de la R\u00e9publique, Chef de l\u2019\u00c9tat SEM Issoufou Mahamadou a quitt\u00e9 Niamey, ce lundi 1er Avril 2019 en<\/p>\n","protected":false},"author":1,"featured_media":174,"comment_status":"closed","ping_status":"closed","sticky":false,"template":"","format":"standard","meta":[],"categories":[6],"tags":[],"_links":{"self":[{"href":"https:\/\/www.ambassadeniger-fr.org\/version-wp-2019\/index.php?rest_route=\/wp\/v2\/posts\/173"}],"collection":[{"href":"https:\/\/www.ambassadeniger-fr.org\/version-wp-2019\/index.php?rest_route=\/wp\/v2\/posts"}],"about":[{"href":"https:\/\/www.ambassadeniger-fr.org\/version-wp-2019\/index.php?rest_route=\/wp\/v2\/types\/post"}],"author":[{"embeddable":true,"href":"https:\/\/www.ambassadeniger-fr.org\/version-wp-2019\/index.php?rest_route=\/wp\/v2\/users\/1"}],"replies":[{"embeddable":true,"href":"https:\/\/www.ambassadeniger-fr.org\/version-wp-2019\/index.php?rest_route=%2Fwp%2Fv2%2Fcomments&post=173"}],"version-history":[{"count":3,"href":"https:\/\/www.ambassadeniger-fr.org\/version-wp-2019\/index.php?rest_route=\/wp\/v2\/posts\/173\/revisions"}],"predecessor-version":[{"id":283,"href":"https:\/\/www.ambassadeniger-fr.org\/version-wp-2019\/index.php?rest_route=\/wp\/v2\/posts\/173\/revisions\/283"}],"wp:featuredmedia":[{"embeddable":true,"href":"https:\/\/www.ambassadeniger-fr.org\/version-wp-2019\/index.php?rest_route=\/wp\/v2\/media\/174"}],"wp:attachment":[{"href":"https:\/\/www.ambassadeniger-fr.org\/version-wp-2019\/index.php?rest_route=%2Fwp%2Fv2%2Fmedia&parent=173"}],"wp:term":[{"taxonomy":"category","embeddable":true,"href":"https:\/\/www.ambassadeniger-fr.org\/version-wp-2019\/index.php?rest_route=%2Fwp%2Fv2%2Fcategories&post=173"},{"taxonomy":"post_tag","embeddable":true,"href":"https:\/\/www.ambassadeniger-fr.org\/version-wp-2019\/index.php?rest_route=%2Fwp%2Fv2%2Ftags&post=173"}],"curies":[{"name":"wp","href":"https:\/\/api.w.org\/{rel}","templated":true}]}}