{"id":170,"date":"2019-04-07T16:55:26","date_gmt":"2019-04-07T14:55:26","guid":{"rendered":"http:\/\/www.ambassadeniger-fr.org\/version-wp-2019\/?p=170"},"modified":"2019-08-06T23:04:15","modified_gmt":"2019-08-06T21:04:15","slug":"le-president-de-la-republique-issoufou-mahamadou-sentretient-avec-les-fonctionnaires-internationaux-nigeriens-de-dakar","status":"publish","type":"post","link":"https:\/\/www.ambassadeniger-fr.org\/version-wp-2019\/?p=170","title":{"rendered":"Le Pr\u00e9sident de la R\u00e9publique Issoufou Mahamadou s\u2019entretient avec les fonctionnaires internationaux nig\u00e9riens de Dakar"},"content":{"rendered":"\n<p> Arriv\u00e9 ce lundi 1er Avril 2019 \u00e0 Dakar au S\u00e9n\u00e9gal en fin d\u2019apr\u00e8s-midi, o\u00f9 il participera le mardi 02 Avril \u00e0 l\u2019investiture du Pr\u00e9sident Macky Sall, le Pr\u00e9sident de la R\u00e9publique, Chef de l\u2019\u00c9tat SEM Issoufou Mahamadou s\u2019est aussit\u00f4t entretenu avec les fonctionnaires internationaux nig\u00e9riens exer\u00e7ant dans la capitale s\u00e9n\u00e9galaise.  <a href=\"https:\/\/www.presidence.ne\/audiences-et-sommets-1\/2019\/4\/1\/le-prsident-de-la-rpublique-issoufou-mahamadou-sentretient-avec-les-fonctionnaires-internationaux-nigriens-de-dakar\" target=\"_blank\" rel=\"noreferrer noopener\" aria-label=\" (s\u2019ouvre dans un nouvel onglet)\">Lire la suite<\/a><\/p>\n","protected":false},"excerpt":{"rendered":"<p>Arriv\u00e9 ce lundi 1er Avril 2019 \u00e0 Dakar au S\u00e9n\u00e9gal en fin d\u2019apr\u00e8s-midi, o\u00f9 il participera le mardi 02 Avril<\/p>\n","protected":false},"author":1,"featured_media":171,"comment_status":"closed","ping_status":"closed","sticky":false,"template":"","format":"standard","meta":[],"categories":[6],"tags":[],"_links":{"self":[{"href":"https:\/\/www.ambassadeniger-fr.org\/version-wp-2019\/index.php?rest_route=\/wp\/v2\/posts\/170"}],"collection":[{"href":"https:\/\/www.ambassadeniger-fr.org\/version-wp-2019\/index.php?rest_route=\/wp\/v2\/posts"}],"about":[{"href":"https:\/\/www.ambassadeniger-fr.org\/version-wp-2019\/index.php?rest_route=\/wp\/v2\/types\/post"}],"author":[{"embeddable":true,"href":"https:\/\/www.ambassadeniger-fr.org\/version-wp-2019\/index.php?rest_route=\/wp\/v2\/users\/1"}],"replies":[{"embeddable":true,"href":"https:\/\/www.ambassadeniger-fr.org\/version-wp-2019\/index.php?rest_route=%2Fwp%2Fv2%2Fcomments&post=170"}],"version-history":[{"count":2,"href":"https:\/\/www.ambassadeniger-fr.org\/version-wp-2019\/index.php?rest_route=\/wp\/v2\/posts\/170\/revisions"}],"predecessor-version":[{"id":280,"href":"https:\/\/www.ambassadeniger-fr.org\/version-wp-2019\/index.php?rest_route=\/wp\/v2\/posts\/170\/revisions\/280"}],"wp:featuredmedia":[{"embeddable":true,"href":"https:\/\/www.ambassadeniger-fr.org\/version-wp-2019\/index.php?rest_route=\/wp\/v2\/media\/171"}],"wp:attachment":[{"href":"https:\/\/www.ambassadeniger-fr.org\/version-wp-2019\/index.php?rest_route=%2Fwp%2Fv2%2Fmedia&parent=170"}],"wp:term":[{"taxonomy":"category","embeddable":true,"href":"https:\/\/www.ambassadeniger-fr.org\/version-wp-2019\/index.php?rest_route=%2Fwp%2Fv2%2Fcategories&post=170"},{"taxonomy":"post_tag","embeddable":true,"href":"https:\/\/www.ambassadeniger-fr.org\/version-wp-2019\/index.php?rest_route=%2Fwp%2Fv2%2Ftags&post=170"}],"curies":[{"name":"wp","href":"https:\/\/api.w.org\/{rel}","templated":true}]}}