{"id":165,"date":"2019-04-07T16:52:29","date_gmt":"2019-04-07T14:52:29","guid":{"rendered":"http:\/\/www.ambassadeniger-fr.org\/version-wp-2019\/?p=165"},"modified":"2019-08-06T23:04:16","modified_gmt":"2019-08-06T21:04:16","slug":"le-president-de-la-republique-issoufou-mahamadou-recoit-le-president-de-la-bad","status":"publish","type":"post","link":"https:\/\/www.ambassadeniger-fr.org\/version-wp-2019\/?p=165","title":{"rendered":"Le Pr\u00e9sident de la R\u00e9publique Issoufou Mahamadou re\u00e7oit le pr\u00e9sident de la BAD"},"content":{"rendered":"\n<p> Le Pr\u00e9sident de la R\u00e9publique, Chef de l\u2019\u00c9tat SEM Issoufou Mahamadou, qui s\u00e9journe \u00e0 Dakar au S\u00e9n\u00e9gal o\u00f9 il participera \u00e0 l\u2019investiture du Pr\u00e9sident r\u00e9\u00e9lu Macky Sall le mardi 02 Avril, a accord\u00e9 une audience au pr\u00e9sident de la Banque Africaine de D\u00e9veloppement (BAD), M. Akinwumi Adesina.  <a href=\"https:\/\/www.presidence.ne\/audiences-et-sommets-1\/2019\/4\/1\/le-prsident-de-la-rpublique-issoufou-mahamadou-reoit-le-prsident-de-la-bad\" target=\"_blank\" rel=\"noreferrer noopener\" aria-label=\" (s\u2019ouvre dans un nouvel onglet)\">Lire la suite<\/a>.<\/p>\n","protected":false},"excerpt":{"rendered":"<p>Le Pr\u00e9sident de la R\u00e9publique, Chef de l\u2019\u00c9tat SEM Issoufou Mahamadou, qui s\u00e9journe \u00e0 Dakar au S\u00e9n\u00e9gal o\u00f9 il participera<\/p>\n","protected":false},"author":1,"featured_media":166,"comment_status":"closed","ping_status":"closed","sticky":false,"template":"","format":"standard","meta":[],"categories":[6],"tags":[],"_links":{"self":[{"href":"https:\/\/www.ambassadeniger-fr.org\/version-wp-2019\/index.php?rest_route=\/wp\/v2\/posts\/165"}],"collection":[{"href":"https:\/\/www.ambassadeniger-fr.org\/version-wp-2019\/index.php?rest_route=\/wp\/v2\/posts"}],"about":[{"href":"https:\/\/www.ambassadeniger-fr.org\/version-wp-2019\/index.php?rest_route=\/wp\/v2\/types\/post"}],"author":[{"embeddable":true,"href":"https:\/\/www.ambassadeniger-fr.org\/version-wp-2019\/index.php?rest_route=\/wp\/v2\/users\/1"}],"replies":[{"embeddable":true,"href":"https:\/\/www.ambassadeniger-fr.org\/version-wp-2019\/index.php?rest_route=%2Fwp%2Fv2%2Fcomments&post=165"}],"version-history":[{"count":3,"href":"https:\/\/www.ambassadeniger-fr.org\/version-wp-2019\/index.php?rest_route=\/wp\/v2\/posts\/165\/revisions"}],"predecessor-version":[{"id":281,"href":"https:\/\/www.ambassadeniger-fr.org\/version-wp-2019\/index.php?rest_route=\/wp\/v2\/posts\/165\/revisions\/281"}],"wp:featuredmedia":[{"embeddable":true,"href":"https:\/\/www.ambassadeniger-fr.org\/version-wp-2019\/index.php?rest_route=\/wp\/v2\/media\/166"}],"wp:attachment":[{"href":"https:\/\/www.ambassadeniger-fr.org\/version-wp-2019\/index.php?rest_route=%2Fwp%2Fv2%2Fmedia&parent=165"}],"wp:term":[{"taxonomy":"category","embeddable":true,"href":"https:\/\/www.ambassadeniger-fr.org\/version-wp-2019\/index.php?rest_route=%2Fwp%2Fv2%2Fcategories&post=165"},{"taxonomy":"post_tag","embeddable":true,"href":"https:\/\/www.ambassadeniger-fr.org\/version-wp-2019\/index.php?rest_route=%2Fwp%2Fv2%2Ftags&post=165"}],"curies":[{"name":"wp","href":"https:\/\/api.w.org\/{rel}","templated":true}]}}