{"id":162,"date":"2019-04-07T16:47:06","date_gmt":"2019-04-07T14:47:06","guid":{"rendered":"http:\/\/www.ambassadeniger-fr.org\/version-wp-2019\/?p=162"},"modified":"2019-08-06T23:04:16","modified_gmt":"2019-08-06T21:04:16","slug":"le-president-de-la-republique-issoufou-mahamadou-a-kigali-pour-la-commemoration-du-genocide-au-rwanda","status":"publish","type":"post","link":"https:\/\/www.ambassadeniger-fr.org\/version-wp-2019\/?p=162","title":{"rendered":"Le Pr\u00e9sident de la R\u00e9publique Issoufou Mahamadou \u00e0 Kigali pour la comm\u00e9moration du g\u00e9nocide au Rwanda"},"content":{"rendered":"\n<p> Le Pr\u00e9sident de la R\u00e9publique, Chef de l\u2019\u00c9tat SEM Issoufou Mahamadou a  quitt\u00e9 Niamey, ce samedi 06 Avril, \u00e0 destination de Kigali au Rwanda, o\u00f9  il prendra part le dimanche 07 Avril 2019, aupr\u00e8s du Pr\u00e9sident Paul  Kagam\u00e9, \u00e0 la comm\u00e9moration des 25 ans du g\u00e9nocide au Rwanda. <a href=\"https:\/\/www.presidence.ne\/audiences-et-sommets-1\/2019\/4\/6\/le-prsident-de-la-rpublique-issoufou-mahamadou-kigali-pour-la-commmoration-du-gnocide-au-rwanda\" target=\"_blank\" rel=\"noreferrer noopener\" aria-label=\" (s\u2019ouvre dans un nouvel onglet)\">Lire la suite<\/a>.<\/p>\n","protected":false},"excerpt":{"rendered":"<p>Le Pr\u00e9sident de la R\u00e9publique, Chef de l\u2019\u00c9tat SEM Issoufou Mahamadou a quitt\u00e9 Niamey, ce samedi 06 Avril, \u00e0 destination<\/p>\n","protected":false},"author":1,"featured_media":163,"comment_status":"closed","ping_status":"closed","sticky":false,"template":"","format":"standard","meta":[],"categories":[6],"tags":[],"_links":{"self":[{"href":"https:\/\/www.ambassadeniger-fr.org\/version-wp-2019\/index.php?rest_route=\/wp\/v2\/posts\/162"}],"collection":[{"href":"https:\/\/www.ambassadeniger-fr.org\/version-wp-2019\/index.php?rest_route=\/wp\/v2\/posts"}],"about":[{"href":"https:\/\/www.ambassadeniger-fr.org\/version-wp-2019\/index.php?rest_route=\/wp\/v2\/types\/post"}],"author":[{"embeddable":true,"href":"https:\/\/www.ambassadeniger-fr.org\/version-wp-2019\/index.php?rest_route=\/wp\/v2\/users\/1"}],"replies":[{"embeddable":true,"href":"https:\/\/www.ambassadeniger-fr.org\/version-wp-2019\/index.php?rest_route=%2Fwp%2Fv2%2Fcomments&post=162"}],"version-history":[{"count":2,"href":"https:\/\/www.ambassadeniger-fr.org\/version-wp-2019\/index.php?rest_route=\/wp\/v2\/posts\/162\/revisions"}],"predecessor-version":[{"id":282,"href":"https:\/\/www.ambassadeniger-fr.org\/version-wp-2019\/index.php?rest_route=\/wp\/v2\/posts\/162\/revisions\/282"}],"wp:featuredmedia":[{"embeddable":true,"href":"https:\/\/www.ambassadeniger-fr.org\/version-wp-2019\/index.php?rest_route=\/wp\/v2\/media\/163"}],"wp:attachment":[{"href":"https:\/\/www.ambassadeniger-fr.org\/version-wp-2019\/index.php?rest_route=%2Fwp%2Fv2%2Fmedia&parent=162"}],"wp:term":[{"taxonomy":"category","embeddable":true,"href":"https:\/\/www.ambassadeniger-fr.org\/version-wp-2019\/index.php?rest_route=%2Fwp%2Fv2%2Fcategories&post=162"},{"taxonomy":"post_tag","embeddable":true,"href":"https:\/\/www.ambassadeniger-fr.org\/version-wp-2019\/index.php?rest_route=%2Fwp%2Fv2%2Ftags&post=162"}],"curies":[{"name":"wp","href":"https:\/\/api.w.org\/{rel}","templated":true}]}}